{"id":1154,"date":"2021-02-08T18:43:59","date_gmt":"2021-02-08T16:43:59","guid":{"rendered":"https:\/\/pac-inmatriculari.ro\/?p=1154"},"modified":"2025-06-14T12:22:44","modified_gmt":"2025-06-14T10:22:44","slug":"modificarea-culorii-auto-in-civ","status":"publish","type":"post","link":"https:\/\/pac-inmatriculari.ro\/en\/2021\/02\/08\/modificarea-culorii-auto-in-civ\/","title":{"rendered":"What happens if the vehicle is painted in two or more colors and under what conditions can the new color of a vehicle be mentioned in the CIV?"},"content":{"rendered":"<div data-elementor-type=\"wp-post\" data-elementor-id=\"1154\" class=\"elementor elementor-1154\">\n\t\t\t\t\t\t<section class=\"elementor-section elementor-top-section elementor-element elementor-element-7fb11ed elementor-section-boxed elementor-section-height-default elementor-section-height-default\" data-id=\"7fb11ed\" data-element_type=\"section\" data-e-type=\"section\">\n\t\t\t\t\t\t<div class=\"elementor-container elementor-column-gap-default\">\n\t\t\t\t\t<div class=\"elementor-column elementor-col-100 elementor-top-column elementor-element elementor-element-8cfa7c4\" data-id=\"8cfa7c4\" data-element_type=\"column\" data-e-type=\"column\">\n\t\t\t<div class=\"elementor-widget-wrap elementor-element-populated\">\n\t\t\t\t\t\t<div class=\"elementor-element elementor-element-8088380 elementor-widget elementor-widget-heading\" data-id=\"8088380\" data-element_type=\"widget\" data-e-type=\"widget\" data-widget_type=\"heading.default\">\n\t\t\t\t<div class=\"elementor-widget-container\">\n\t\t\t\t\t<h4 class=\"elementor-heading-title elementor-size-default\"><span dir=\"auto\">Ce se intampla daca autovehiculul este vopsit in doua sau mai multe culori si in ce conditii poate fi mentionata in CIV noua culoare a unui autovehicul?<\/span><\/h4>\t\t\t\t<\/div>\n\t\t\t\t<\/div>\n\t\t\t\t\t<\/div>\n\t\t<\/div>\n\t\t\t\t\t<\/div>\n\t\t<\/section>\n\t\t\t\t<section class=\"elementor-section elementor-top-section elementor-element elementor-element-c79741c elementor-section-boxed elementor-section-height-default elementor-section-height-default\" data-id=\"c79741c\" data-element_type=\"section\" data-e-type=\"section\">\n\t\t\t\t\t\t<div class=\"elementor-container elementor-column-gap-default\">\n\t\t\t\t\t<div class=\"elementor-column elementor-col-100 elementor-top-column elementor-element elementor-element-4f470be\" data-id=\"4f470be\" data-element_type=\"column\" data-e-type=\"column\">\n\t\t\t<div class=\"elementor-widget-wrap elementor-element-populated\">\n\t\t\t\t\t\t<div class=\"elementor-element elementor-element-62d9ccb elementor-widget-divider--view-line elementor-widget elementor-widget-divider\" data-id=\"62d9ccb\" data-element_type=\"widget\" data-e-type=\"widget\" data-widget_type=\"divider.default\">\n\t\t\t\t<div class=\"elementor-widget-container\">\n\t\t\t\t\t\t\t<div class=\"elementor-divider\">\n\t\t\t<span class=\"elementor-divider-separator\">\n\t\t\t\t\t\t<\/span>\n\t\t<\/div>\n\t\t\t\t\t\t<\/div>\n\t\t\t\t<\/div>\n\t\t\t\t\t<\/div>\n\t\t<\/div>\n\t\t\t\t\t<\/div>\n\t\t<\/section>\n\t\t\t\t<section class=\"elementor-section elementor-top-section elementor-element elementor-element-d5419a2 elementor-section-boxed elementor-section-height-default elementor-section-height-default\" data-id=\"d5419a2\" data-element_type=\"section\" data-e-type=\"section\">\n\t\t\t\t\t\t<div class=\"elementor-container elementor-column-gap-default\">\n\t\t\t\t\t<div class=\"elementor-column elementor-col-100 elementor-top-column elementor-element elementor-element-b80a37c\" data-id=\"b80a37c\" data-element_type=\"column\" data-e-type=\"column\">\n\t\t\t<div class=\"elementor-widget-wrap elementor-element-populated\">\n\t\t\t\t\t\t<div class=\"elementor-element elementor-element-e0f3c21 elementor-widget elementor-widget-text-editor\" data-id=\"e0f3c21\" data-element_type=\"widget\" data-e-type=\"widget\" data-widget_type=\"text-editor.default\">\n\t\t\t\t<div class=\"elementor-widget-container\">\n\t\t\t\t\t\t\t\t\t<section class=\"pac-blog\">\n  <h1>\ud83c\udfa8 Schimbarea culorii ma\u0219inii \u2013 ce trebuie s\u0103 \u0219tii conform RAR<\/h1>\n  <p>Potrivit <strong>Directivei 2007\/46\/CE<\/strong>, \u00een <strong>Cartea de Identitate a Vehiculului (CIV)<\/strong> pot fi \u00eenscrise doar una sau dou\u0103 dintre cele 10 <strong>culori de baz\u0103<\/strong>:<\/p>\n\n  <ul>\n    <li>Alb<\/li>\n    <li>Galben<\/li>\n    <li>Portocaliu<\/li>\n    <li>Ro\u0219u<\/li>\n    <li>Violet<\/li>\n    <li>Albastru<\/li>\n    <li>Verde<\/li>\n    <li>Gri<\/li>\n    <li>Maro<\/li>\n    <li>Negru<\/li>\n  <\/ul>\n\n  <h2>\ud83d\ude97 Ce se \u00eent\u00e2mpl\u0103 dac\u0103 ma\u0219ina are dou\u0103 sau mai multe culori?<\/h2>\n  <p>Exist\u0103 mai multe scenarii reglementate de RAR:<\/p>\n  <ul>\n    <li><strong>Dac\u0103 ma\u0219ina are dou\u0103 culori \u00een propor\u021bii egale<\/strong> \u2013 ambele se \u00eenscriu \u00een CIV (ex.: <em>albastru + verde<\/em>).<\/li>\n    <li><strong>Dac\u0103 o culoare predomin\u0103<\/strong> \u2013 se \u00eenscrie doar acea culoare (ex.: <em>albastru<\/em>).<\/li>\n    <li><strong>Dac\u0103 sunt mai mult de dou\u0103 culori<\/strong> sau vopsirea este \u00een degrade sau cu imagini \u2013 se \u00eenscrie culoarea predominant\u0103 + <em>\u201emulticolor\u201d<\/em>.<\/li>\n  <\/ul>\n\n  <h2>\ud83d\udccb Ce trebuie f\u0103cut dac\u0103 ai schimbat culoarea ma\u0219inii?<\/h2>\n  <p>Fie c\u0103 ai vopsit sau colantat ma\u0219ina \u00eentr-o alt\u0103 culoare, este obligatorie <strong>actualizarea CIV<\/strong> prin prezentarea la o reprezentan\u021b\u0103 RAR.<\/p>\n\n  <h2>\ud83d\udcdd Documente necesare pentru modificarea culorii \u00een CIV:<\/h2>\n  <ul>\n    <li>\u2705 Cerere activitate RAR<\/li>\n    <li>\u2705 Actul de identitate al solicitantului<\/li>\n    <li>\u2705 Cartea de identitate a vehiculului \u2013 original<\/li>\n  <\/ul>\n\n  <div class=\"pac-warning\">\n    \u26a0\ufe0f <strong>Aten\u021bie!<\/strong> Nerespectarea acestei proceduri poate atrage amenzi \u0219i probleme la v\u00e2nzarea sau \u00eenmatricularea ulterioar\u0103 a vehiculului.\n  <\/div>\n\n  <div style=\"text-align: center;\">\n    <a class=\"pac-cta-button\" href=\"https:\/\/pac-inmatriculari.ro\/en\/contact\/\" target=\"_blank\" rel=\"noopener\">\ud83d\udce9 Programeaz\u0103 o modificare CIV prin PAC<\/a>\n  <\/div>\n<\/section>\n\n<style>\n  :root {\n    --negru: #060709;\n    --verde-inchis: #175D57;\n    --verde-deschis: #23A79C;\n    --galben: #FAE19D;\n    --gri-alb: #FAFAFA;\n  }\n\n  .pac-blog {\n    max-width: 960px;\n    margin: 50px auto;\n    padding: 40px 20px;\n    background-color: #fff;\n    border-radius: 12px;\n    box-shadow: 0 6px 24px rgba(0, 0, 0, 0.06);\n    font-family: 'Segoe UI', sans-serif;\n    color: var(--negru);\n  }\n\n  .pac-blog h1 {\n    font-size: 2.4em;\n    color: var(--verde-inchis);\n    text-align: center;\n    margin-bottom: 25px;\n  }\n\n  .pac-blog h2 {\n    font-size: 1.5em;\n    color: var(--verde-inchis);\n    margin-top: 40px;\n    margin-bottom: 15px;\n  }\n\n  .pac-blog p, .pac-blog li {\n    font-size: 1.1em;\n    line-height: 1.7;\n    color: #333;\n    text-align: justify;\n  }\n\n  .pac-blog ul {\n    margin-left: 25px;\n    margin-bottom: 25px;\n  }\n\n  .pac-warning {\n    background-color: var(--galben);\n    color: var(--negru);\n    padding: 18px 22px;\n    border-radius: 10px;\n    font-weight: 500;\n    margin: 40px 0;\n  }\n\n  .pac-cta-button {\n    display: inline-block;\n    background-color: var(--verde-deschis);\n    color: white;\n    padding: 14px 30px;\n    font-size: 1.1em;\n    border-radius: 8px;\n    text-decoration: none;\n    box-shadow: 0 4px 12px rgba(0, 0, 0, 0.1);\n    transition: background 0.3s ease, transform 0.2s ease;\n  }\n\n  .pac-cta-button:hover {\n    background-color: var(--verde-inchis);\n    transform: translateY(-2px);\n  }\n<\/style>\n\n<script>\n  document.addEventListener('contextmenu', function(e) {\n    e.preventDefault();\n  });\n<\/script>\n\t\t\t\t\t\t\t\t<\/div>\n\t\t\t\t<\/div>\n\t\t\t\t\t<\/div>\n\t\t<\/div>\n\t\t\t\t\t<\/div>\n\t\t<\/section>\n\t\t\t\t<\/div>","protected":false},"excerpt":{"rendered":"<p>\ud83c\udfa8 Modificarea culorii auto \u00een CIV \u2013 Ghid complet RAR Modificarea culorii auto \u00een CIV este o procedur\u0103 esen\u021bial\u0103 pentru \u0219oferii care aleg s\u0103 \u00ee\u0219i vopseasc\u0103 sau s\u0103 \u00ee\u0219i colanteze ma\u0219ina \u00eentr-o culoare diferit\u0103 fa\u021b\u0103 de cea \u00eenscris\u0103 \u00een Cartea de Identitate a Vehiculului (CIV). Fie c\u0103 ai f\u0103cut o [&hellip;]<\/p>\n","protected":false},"author":1,"featured_media":1159,"comment_status":"open","ping_status":"open","sticky":false,"template":"","format":"standard","meta":{"footnotes":""},"categories":[1],"tags":[],"class_list":["post-1154","post","type-post","status-publish","format-standard","has-post-thumbnail","hentry","category-uncategorized"],"yoast_head":"<!-- This site is optimized with the Yoast SEO plugin v27.4 - https:\/\/yoast.com\/product\/yoast-seo-wordpress\/ -->\n<title>Modificarea culorii auto \u00een CIV \u2013 Ghid complet<\/title>\n<meta name=\"description\" content=\"Afl\u0103 cum se face modificarea culorii auto \u00een CIV dup\u0103 vopsire sau colantare. Pa\u0219i legali, acte necesare \u0219i sprijin din partea PAC Bra\u0219ov.\" \/>\n<meta name=\"robots\" content=\"index, follow, max-snippet:-1, max-image-preview:large, max-video-preview:-1\" \/>\n<link rel=\"canonical\" href=\"https:\/\/pac-inmatriculari.ro\/en\/2021\/02\/08\/modificarea-culorii-auto-in-civ\/\" \/>\n<meta property=\"og:locale\" content=\"en_US\" \/>\n<meta property=\"og:type\" content=\"article\" \/>\n<meta property=\"og:title\" content=\"Modificarea culorii auto \u00een CIV \u2013 Ghid complet\" \/>\n<meta property=\"og:description\" content=\"Afl\u0103 cum se face modificarea culorii auto \u00een CIV dup\u0103 vopsire sau colantare. Pa\u0219i legali, acte necesare \u0219i sprijin din partea PAC Bra\u0219ov.\" \/>\n<meta property=\"og:url\" content=\"https:\/\/pac-inmatriculari.ro\/en\/2021\/02\/08\/modificarea-culorii-auto-in-civ\/\" \/>\n<meta property=\"og:site_name\" content=\"PAC - Inmatriculari Brasov\" \/>\n<meta property=\"article:publisher\" content=\"https:\/\/www.facebook.com\/InmatriculariAutoBrasov\" \/>\n<meta property=\"article:author\" content=\"https:\/\/www.facebook.com\/InmatriculariAutoBrasov\" \/>\n<meta property=\"article:published_time\" content=\"2021-02-08T16:43:59+00:00\" \/>\n<meta property=\"article:modified_time\" content=\"2025-06-14T10:22:44+00:00\" \/>\n<meta property=\"og:image\" content=\"https:\/\/pac-inmatriculari.ro\/wp-content\/uploads\/2021\/02\/145938934_2797716877167042_5404153696305331087_o.jpg\" \/>\n\t<meta property=\"og:image:width\" content=\"1024\" \/>\n\t<meta property=\"og:image:height\" content=\"595\" \/>\n\t<meta property=\"og:image:type\" content=\"image\/jpeg\" \/>\n<meta name=\"author\" content=\"Professional Auto Claims\" \/>\n<meta name=\"twitter:card\" content=\"summary_large_image\" \/>\n<meta name=\"twitter:label1\" content=\"Written by\" \/>\n\t<meta name=\"twitter:data1\" content=\"Professional Auto Claims\" \/>\n\t<meta name=\"twitter:label2\" content=\"Est. reading time\" \/>\n\t<meta name=\"twitter:data2\" content=\"2 minutes\" \/>\n<script type=\"application\/ld+json\" class=\"yoast-schema-graph\">{\"@context\":\"https:\\\/\\\/schema.org\",\"@graph\":[{\"@type\":\"Article\",\"@id\":\"https:\\\/\\\/pac-inmatriculari.ro\\\/2021\\\/02\\\/08\\\/modificarea-culorii-auto-in-civ\\\/#article\",\"isPartOf\":{\"@id\":\"https:\\\/\\\/pac-inmatriculari.ro\\\/2021\\\/02\\\/08\\\/modificarea-culorii-auto-in-civ\\\/\"},\"author\":{\"name\":\"Professional Auto Claims\",\"@id\":\"https:\\\/\\\/pac-inmatriculari.ro\\\/#\\\/schema\\\/person\\\/201b7dfc0b81c7be37a8f81ee6bf9ee7\"},\"headline\":\"Ce se intampla daca autovehiculul este vopsit in doua sau mai multe culori si in ce conditii poate fi mentionata in CIV noua culoare a unui autovehicul?\u200b\",\"datePublished\":\"2021-02-08T16:43:59+00:00\",\"dateModified\":\"2025-06-14T10:22:44+00:00\",\"mainEntityOfPage\":{\"@id\":\"https:\\\/\\\/pac-inmatriculari.ro\\\/2021\\\/02\\\/08\\\/modificarea-culorii-auto-in-civ\\\/\"},\"wordCount\":293,\"commentCount\":0,\"publisher\":{\"@id\":\"https:\\\/\\\/pac-inmatriculari.ro\\\/#organization\"},\"image\":{\"@id\":\"https:\\\/\\\/pac-inmatriculari.ro\\\/2021\\\/02\\\/08\\\/modificarea-culorii-auto-in-civ\\\/#primaryimage\"},\"thumbnailUrl\":\"https:\\\/\\\/pac-inmatriculari.ro\\\/wp-content\\\/uploads\\\/2021\\\/02\\\/145938934_2797716877167042_5404153696305331087_o.jpg\",\"inLanguage\":\"en-US\",\"potentialAction\":[{\"@type\":\"CommentAction\",\"name\":\"Comment\",\"target\":[\"https:\\\/\\\/pac-inmatriculari.ro\\\/2021\\\/02\\\/08\\\/modificarea-culorii-auto-in-civ\\\/#respond\"]}]},{\"@type\":\"WebPage\",\"@id\":\"https:\\\/\\\/pac-inmatriculari.ro\\\/2021\\\/02\\\/08\\\/modificarea-culorii-auto-in-civ\\\/\",\"url\":\"https:\\\/\\\/pac-inmatriculari.ro\\\/2021\\\/02\\\/08\\\/modificarea-culorii-auto-in-civ\\\/\",\"name\":\"Modificarea culorii auto \u00een CIV \u2013 Ghid complet\",\"isPartOf\":{\"@id\":\"https:\\\/\\\/pac-inmatriculari.ro\\\/#website\"},\"primaryImageOfPage\":{\"@id\":\"https:\\\/\\\/pac-inmatriculari.ro\\\/2021\\\/02\\\/08\\\/modificarea-culorii-auto-in-civ\\\/#primaryimage\"},\"image\":{\"@id\":\"https:\\\/\\\/pac-inmatriculari.ro\\\/2021\\\/02\\\/08\\\/modificarea-culorii-auto-in-civ\\\/#primaryimage\"},\"thumbnailUrl\":\"https:\\\/\\\/pac-inmatriculari.ro\\\/wp-content\\\/uploads\\\/2021\\\/02\\\/145938934_2797716877167042_5404153696305331087_o.jpg\",\"datePublished\":\"2021-02-08T16:43:59+00:00\",\"dateModified\":\"2025-06-14T10:22:44+00:00\",\"description\":\"Afl\u0103 cum se face modificarea culorii auto \u00een CIV dup\u0103 vopsire sau colantare. Pa\u0219i legali, acte necesare \u0219i sprijin din partea PAC Bra\u0219ov.\",\"breadcrumb\":{\"@id\":\"https:\\\/\\\/pac-inmatriculari.ro\\\/2021\\\/02\\\/08\\\/modificarea-culorii-auto-in-civ\\\/#breadcrumb\"},\"inLanguage\":\"en-US\",\"potentialAction\":[{\"@type\":\"ReadAction\",\"target\":[\"https:\\\/\\\/pac-inmatriculari.ro\\\/2021\\\/02\\\/08\\\/modificarea-culorii-auto-in-civ\\\/\"]}]},{\"@type\":\"ImageObject\",\"inLanguage\":\"en-US\",\"@id\":\"https:\\\/\\\/pac-inmatriculari.ro\\\/2021\\\/02\\\/08\\\/modificarea-culorii-auto-in-civ\\\/#primaryimage\",\"url\":\"https:\\\/\\\/pac-inmatriculari.ro\\\/wp-content\\\/uploads\\\/2021\\\/02\\\/145938934_2797716877167042_5404153696305331087_o.jpg\",\"contentUrl\":\"https:\\\/\\\/pac-inmatriculari.ro\\\/wp-content\\\/uploads\\\/2021\\\/02\\\/145938934_2797716877167042_5404153696305331087_o.jpg\",\"width\":1024,\"height\":595},{\"@type\":\"BreadcrumbList\",\"@id\":\"https:\\\/\\\/pac-inmatriculari.ro\\\/2021\\\/02\\\/08\\\/modificarea-culorii-auto-in-civ\\\/#breadcrumb\",\"itemListElement\":[{\"@type\":\"ListItem\",\"position\":1,\"name\":\"Prima pagin\u0103\",\"item\":\"https:\\\/\\\/pac-inmatriculari.ro\\\/\"},{\"@type\":\"ListItem\",\"position\":2,\"name\":\"Ce se intampla daca autovehiculul este vopsit in doua sau mai multe culori si in ce conditii poate fi mentionata in CIV noua culoare a unui autovehicul?\u200b\"}]},{\"@type\":\"WebSite\",\"@id\":\"https:\\\/\\\/pac-inmatriculari.ro\\\/#website\",\"url\":\"https:\\\/\\\/pac-inmatriculari.ro\\\/\",\"name\":\"PAC - Inmatriculari Brasov\",\"description\":\"Inmatriculari auto Brasov\",\"publisher\":{\"@id\":\"https:\\\/\\\/pac-inmatriculari.ro\\\/#organization\"},\"potentialAction\":[{\"@type\":\"SearchAction\",\"target\":{\"@type\":\"EntryPoint\",\"urlTemplate\":\"https:\\\/\\\/pac-inmatriculari.ro\\\/?s={search_term_string}\"},\"query-input\":{\"@type\":\"PropertyValueSpecification\",\"valueRequired\":true,\"valueName\":\"search_term_string\"}}],\"inLanguage\":\"en-US\"},{\"@type\":\"Organization\",\"@id\":\"https:\\\/\\\/pac-inmatriculari.ro\\\/#organization\",\"name\":\"PAC - Inmatriculari Brasov\",\"url\":\"https:\\\/\\\/pac-inmatriculari.ro\\\/\",\"logo\":{\"@type\":\"ImageObject\",\"inLanguage\":\"en-US\",\"@id\":\"https:\\\/\\\/pac-inmatriculari.ro\\\/#\\\/schema\\\/logo\\\/image\\\/\",\"url\":\"https:\\\/\\\/pac-inmatriculari.ro\\\/wp-content\\\/uploads\\\/2020\\\/08\\\/cropped-pac-logo.png\",\"contentUrl\":\"https:\\\/\\\/pac-inmatriculari.ro\\\/wp-content\\\/uploads\\\/2020\\\/08\\\/cropped-pac-logo.png\",\"width\":584,\"height\":584,\"caption\":\"PAC - Inmatriculari Brasov\"},\"image\":{\"@id\":\"https:\\\/\\\/pac-inmatriculari.ro\\\/#\\\/schema\\\/logo\\\/image\\\/\"},\"sameAs\":[\"https:\\\/\\\/www.facebook.com\\\/InmatriculariAutoBrasov\"]},{\"@type\":\"Person\",\"@id\":\"https:\\\/\\\/pac-inmatriculari.ro\\\/#\\\/schema\\\/person\\\/201b7dfc0b81c7be37a8f81ee6bf9ee7\",\"name\":\"Professional Auto Claims\",\"image\":{\"@type\":\"ImageObject\",\"inLanguage\":\"en-US\",\"@id\":\"https:\\\/\\\/secure.gravatar.com\\\/avatar\\\/30b2e0e27319b3dfbbc40e394be4722b2240cb64411b45ed715a5efe2465c03d?s=96&d=monsterid&r=g\",\"url\":\"https:\\\/\\\/secure.gravatar.com\\\/avatar\\\/30b2e0e27319b3dfbbc40e394be4722b2240cb64411b45ed715a5efe2465c03d?s=96&d=monsterid&r=g\",\"contentUrl\":\"https:\\\/\\\/secure.gravatar.com\\\/avatar\\\/30b2e0e27319b3dfbbc40e394be4722b2240cb64411b45ed715a5efe2465c03d?s=96&d=monsterid&r=g\",\"caption\":\"Professional Auto Claims\"},\"sameAs\":[\"https:\\\/\\\/pac-inmatriculari.ro\",\"https:\\\/\\\/www.facebook.com\\\/InmatriculariAutoBrasov\"],\"url\":\"https:\\\/\\\/pac-inmatriculari.ro\\\/en\\\/author\\\/admin\\\/\"}]}<\/script>\n<!-- \/ Yoast SEO plugin. -->","yoast_head_json":{"title":"Modificarea culorii auto \u00een CIV \u2013 Ghid complet","description":"Afl\u0103 cum se face modificarea culorii auto \u00een CIV dup\u0103 vopsire sau colantare. Pa\u0219i legali, acte necesare \u0219i sprijin din partea PAC Bra\u0219ov.","robots":{"index":"index","follow":"follow","max-snippet":"max-snippet:-1","max-image-preview":"max-image-preview:large","max-video-preview":"max-video-preview:-1"},"canonical":"https:\/\/pac-inmatriculari.ro\/en\/2021\/02\/08\/modificarea-culorii-auto-in-civ\/","og_locale":"en_US","og_type":"article","og_title":"Modificarea culorii auto \u00een CIV \u2013 Ghid complet","og_description":"Afl\u0103 cum se face modificarea culorii auto \u00een CIV dup\u0103 vopsire sau colantare. Pa\u0219i legali, acte necesare \u0219i sprijin din partea PAC Bra\u0219ov.","og_url":"https:\/\/pac-inmatriculari.ro\/en\/2021\/02\/08\/modificarea-culorii-auto-in-civ\/","og_site_name":"PAC - Inmatriculari Brasov","article_publisher":"https:\/\/www.facebook.com\/InmatriculariAutoBrasov","article_author":"https:\/\/www.facebook.com\/InmatriculariAutoBrasov","article_published_time":"2021-02-08T16:43:59+00:00","article_modified_time":"2025-06-14T10:22:44+00:00","og_image":[{"width":1024,"height":595,"url":"https:\/\/pac-inmatriculari.ro\/wp-content\/uploads\/2021\/02\/145938934_2797716877167042_5404153696305331087_o.jpg","type":"image\/jpeg"}],"author":"Professional Auto Claims","twitter_card":"summary_large_image","twitter_misc":{"Written by":"Professional Auto Claims","Est. reading time":"2 minutes"},"schema":{"@context":"https:\/\/schema.org","@graph":[{"@type":"Article","@id":"https:\/\/pac-inmatriculari.ro\/2021\/02\/08\/modificarea-culorii-auto-in-civ\/#article","isPartOf":{"@id":"https:\/\/pac-inmatriculari.ro\/2021\/02\/08\/modificarea-culorii-auto-in-civ\/"},"author":{"name":"Professional Auto Claims","@id":"https:\/\/pac-inmatriculari.ro\/#\/schema\/person\/201b7dfc0b81c7be37a8f81ee6bf9ee7"},"headline":"Ce se intampla daca autovehiculul este vopsit in doua sau mai multe culori si in ce conditii poate fi mentionata in CIV noua culoare a unui autovehicul?\u200b","datePublished":"2021-02-08T16:43:59+00:00","dateModified":"2025-06-14T10:22:44+00:00","mainEntityOfPage":{"@id":"https:\/\/pac-inmatriculari.ro\/2021\/02\/08\/modificarea-culorii-auto-in-civ\/"},"wordCount":293,"commentCount":0,"publisher":{"@id":"https:\/\/pac-inmatriculari.ro\/#organization"},"image":{"@id":"https:\/\/pac-inmatriculari.ro\/2021\/02\/08\/modificarea-culorii-auto-in-civ\/#primaryimage"},"thumbnailUrl":"https:\/\/pac-inmatriculari.ro\/wp-content\/uploads\/2021\/02\/145938934_2797716877167042_5404153696305331087_o.jpg","inLanguage":"en-US","potentialAction":[{"@type":"CommentAction","name":"Comment","target":["https:\/\/pac-inmatriculari.ro\/2021\/02\/08\/modificarea-culorii-auto-in-civ\/#respond"]}]},{"@type":"WebPage","@id":"https:\/\/pac-inmatriculari.ro\/2021\/02\/08\/modificarea-culorii-auto-in-civ\/","url":"https:\/\/pac-inmatriculari.ro\/2021\/02\/08\/modificarea-culorii-auto-in-civ\/","name":"Modificarea culorii auto \u00een CIV \u2013 Ghid complet","isPartOf":{"@id":"https:\/\/pac-inmatriculari.ro\/#website"},"primaryImageOfPage":{"@id":"https:\/\/pac-inmatriculari.ro\/2021\/02\/08\/modificarea-culorii-auto-in-civ\/#primaryimage"},"image":{"@id":"https:\/\/pac-inmatriculari.ro\/2021\/02\/08\/modificarea-culorii-auto-in-civ\/#primaryimage"},"thumbnailUrl":"https:\/\/pac-inmatriculari.ro\/wp-content\/uploads\/2021\/02\/145938934_2797716877167042_5404153696305331087_o.jpg","datePublished":"2021-02-08T16:43:59+00:00","dateModified":"2025-06-14T10:22:44+00:00","description":"Afl\u0103 cum se face modificarea culorii auto \u00een CIV dup\u0103 vopsire sau colantare. Pa\u0219i legali, acte necesare \u0219i sprijin din partea PAC Bra\u0219ov.","breadcrumb":{"@id":"https:\/\/pac-inmatriculari.ro\/2021\/02\/08\/modificarea-culorii-auto-in-civ\/#breadcrumb"},"inLanguage":"en-US","potentialAction":[{"@type":"ReadAction","target":["https:\/\/pac-inmatriculari.ro\/2021\/02\/08\/modificarea-culorii-auto-in-civ\/"]}]},{"@type":"ImageObject","inLanguage":"en-US","@id":"https:\/\/pac-inmatriculari.ro\/2021\/02\/08\/modificarea-culorii-auto-in-civ\/#primaryimage","url":"https:\/\/pac-inmatriculari.ro\/wp-content\/uploads\/2021\/02\/145938934_2797716877167042_5404153696305331087_o.jpg","contentUrl":"https:\/\/pac-inmatriculari.ro\/wp-content\/uploads\/2021\/02\/145938934_2797716877167042_5404153696305331087_o.jpg","width":1024,"height":595},{"@type":"BreadcrumbList","@id":"https:\/\/pac-inmatriculari.ro\/2021\/02\/08\/modificarea-culorii-auto-in-civ\/#breadcrumb","itemListElement":[{"@type":"ListItem","position":1,"name":"Prima pagin\u0103","item":"https:\/\/pac-inmatriculari.ro\/"},{"@type":"ListItem","position":2,"name":"Ce se intampla daca autovehiculul este vopsit in doua sau mai multe culori si in ce conditii poate fi mentionata in CIV noua culoare a unui autovehicul?\u200b"}]},{"@type":"WebSite","@id":"https:\/\/pac-inmatriculari.ro\/#website","url":"https:\/\/pac-inmatriculari.ro\/","name":"PAC - Inmatriculari Brasov","description":"Inmatriculari auto Brasov","publisher":{"@id":"https:\/\/pac-inmatriculari.ro\/#organization"},"potentialAction":[{"@type":"SearchAction","target":{"@type":"EntryPoint","urlTemplate":"https:\/\/pac-inmatriculari.ro\/?s={search_term_string}"},"query-input":{"@type":"PropertyValueSpecification","valueRequired":true,"valueName":"search_term_string"}}],"inLanguage":"en-US"},{"@type":"Organization","@id":"https:\/\/pac-inmatriculari.ro\/#organization","name":"PAC - Inmatriculari Brasov","url":"https:\/\/pac-inmatriculari.ro\/","logo":{"@type":"ImageObject","inLanguage":"en-US","@id":"https:\/\/pac-inmatriculari.ro\/#\/schema\/logo\/image\/","url":"https:\/\/pac-inmatriculari.ro\/wp-content\/uploads\/2020\/08\/cropped-pac-logo.png","contentUrl":"https:\/\/pac-inmatriculari.ro\/wp-content\/uploads\/2020\/08\/cropped-pac-logo.png","width":584,"height":584,"caption":"PAC - Inmatriculari Brasov"},"image":{"@id":"https:\/\/pac-inmatriculari.ro\/#\/schema\/logo\/image\/"},"sameAs":["https:\/\/www.facebook.com\/InmatriculariAutoBrasov"]},{"@type":"Person","@id":"https:\/\/pac-inmatriculari.ro\/#\/schema\/person\/201b7dfc0b81c7be37a8f81ee6bf9ee7","name":"Professional Auto Claims","image":{"@type":"ImageObject","inLanguage":"en-US","@id":"https:\/\/secure.gravatar.com\/avatar\/30b2e0e27319b3dfbbc40e394be4722b2240cb64411b45ed715a5efe2465c03d?s=96&d=monsterid&r=g","url":"https:\/\/secure.gravatar.com\/avatar\/30b2e0e27319b3dfbbc40e394be4722b2240cb64411b45ed715a5efe2465c03d?s=96&d=monsterid&r=g","contentUrl":"https:\/\/secure.gravatar.com\/avatar\/30b2e0e27319b3dfbbc40e394be4722b2240cb64411b45ed715a5efe2465c03d?s=96&d=monsterid&r=g","caption":"Professional Auto Claims"},"sameAs":["https:\/\/pac-inmatriculari.ro","https:\/\/www.facebook.com\/InmatriculariAutoBrasov"],"url":"https:\/\/pac-inmatriculari.ro\/en\/author\/admin\/"}]}},"_links":{"self":[{"href":"https:\/\/pac-inmatriculari.ro\/en\/wp-json\/wp\/v2\/posts\/1154","targetHints":{"allow":["GET"]}}],"collection":[{"href":"https:\/\/pac-inmatriculari.ro\/en\/wp-json\/wp\/v2\/posts"}],"about":[{"href":"https:\/\/pac-inmatriculari.ro\/en\/wp-json\/wp\/v2\/types\/post"}],"author":[{"embeddable":true,"href":"https:\/\/pac-inmatriculari.ro\/en\/wp-json\/wp\/v2\/users\/1"}],"replies":[{"embeddable":true,"href":"https:\/\/pac-inmatriculari.ro\/en\/wp-json\/wp\/v2\/comments?post=1154"}],"version-history":[{"count":53,"href":"https:\/\/pac-inmatriculari.ro\/en\/wp-json\/wp\/v2\/posts\/1154\/revisions"}],"predecessor-version":[{"id":2866,"href":"https:\/\/pac-inmatriculari.ro\/en\/wp-json\/wp\/v2\/posts\/1154\/revisions\/2866"}],"wp:featuredmedia":[{"embeddable":true,"href":"https:\/\/pac-inmatriculari.ro\/en\/wp-json\/wp\/v2\/media\/1159"}],"wp:attachment":[{"href":"https:\/\/pac-inmatriculari.ro\/en\/wp-json\/wp\/v2\/media?parent=1154"}],"wp:term":[{"taxonomy":"category","embeddable":true,"href":"https:\/\/pac-inmatriculari.ro\/en\/wp-json\/wp\/v2\/categories?post=1154"},{"taxonomy":"post_tag","embeddable":true,"href":"https:\/\/pac-inmatriculari.ro\/en\/wp-json\/wp\/v2\/tags?post=1154"}],"curies":[{"name":"wp","href":"https:\/\/api.w.org\/{rel}","templated":true}]}}