{"id":356,"date":"2020-06-16T23:19:07","date_gmt":"2020-06-16T21:19:07","guid":{"rendered":"https:\/\/inmatricularibrasov.wordpress.com\/?p=356"},"modified":"2025-06-14T12:17:15","modified_gmt":"2025-06-14T10:17:15","slug":"noi-tarife-pentru-certificate-de-inmatriculare","status":"publish","type":"post","link":"https:\/\/pac-inmatriculari.ro\/en\/2020\/06\/16\/noi-tarife-pentru-certificate-de-inmatriculare\/","title":{"rendered":"Noi tarife pentru certificate de \u00eenmatriculare"},"content":{"rendered":"<div data-elementor-type=\"wp-post\" data-elementor-id=\"356\" class=\"elementor elementor-356\">\n\t\t\t\t\t\t<section class=\"elementor-section elementor-top-section elementor-element elementor-element-e658921 elementor-section-boxed elementor-section-height-default elementor-section-height-default\" data-id=\"e658921\" data-element_type=\"section\" data-e-type=\"section\">\n\t\t\t\t\t\t<div class=\"elementor-container elementor-column-gap-default\">\n\t\t\t\t\t<div class=\"elementor-column elementor-col-100 elementor-top-column elementor-element elementor-element-9ade0cb\" data-id=\"9ade0cb\" data-element_type=\"column\" data-e-type=\"column\">\n\t\t\t<div class=\"elementor-widget-wrap elementor-element-populated\">\n\t\t\t\t\t\t<div class=\"elementor-element elementor-element-ad28ca7 elementor-widget elementor-widget-heading\" data-id=\"ad28ca7\" data-element_type=\"widget\" data-e-type=\"widget\" data-widget_type=\"heading.default\">\n\t\t\t\t<div class=\"elementor-widget-container\">\n\t\t\t\t\t<h4 class=\"elementor-heading-title elementor-size-default\">Noi tarife pentru certificatele de inmatriculare<\/h4>\t\t\t\t<\/div>\n\t\t\t\t<\/div>\n\t\t\t\t\t<\/div>\n\t\t<\/div>\n\t\t\t\t\t<\/div>\n\t\t<\/section>\n\t\t\t\t<section class=\"elementor-section elementor-top-section elementor-element elementor-element-eaf2ebc elementor-section-boxed elementor-section-height-default elementor-section-height-default\" data-id=\"eaf2ebc\" data-element_type=\"section\" data-e-type=\"section\">\n\t\t\t\t\t\t<div class=\"elementor-container elementor-column-gap-default\">\n\t\t\t\t\t<div class=\"elementor-column elementor-col-100 elementor-top-column elementor-element elementor-element-79bddfe\" data-id=\"79bddfe\" data-element_type=\"column\" data-e-type=\"column\">\n\t\t\t<div class=\"elementor-widget-wrap elementor-element-populated\">\n\t\t\t\t\t\t<div class=\"elementor-element elementor-element-afa32b8 elementor-widget-divider--view-line elementor-widget elementor-widget-divider\" data-id=\"afa32b8\" data-element_type=\"widget\" data-e-type=\"widget\" data-widget_type=\"divider.default\">\n\t\t\t\t<div class=\"elementor-widget-container\">\n\t\t\t\t\t\t\t<div class=\"elementor-divider\">\n\t\t\t<span class=\"elementor-divider-separator\">\n\t\t\t\t\t\t<\/span>\n\t\t<\/div>\n\t\t\t\t\t\t<\/div>\n\t\t\t\t<\/div>\n\t\t\t\t\t<\/div>\n\t\t<\/div>\n\t\t\t\t\t<\/div>\n\t\t<\/section>\n\t\t\t\t<section class=\"elementor-section elementor-top-section elementor-element elementor-element-331895f0 elementor-section-boxed elementor-section-height-default elementor-section-height-default\" data-id=\"331895f0\" data-element_type=\"section\" data-e-type=\"section\">\n\t\t\t\t\t\t<div class=\"elementor-container elementor-column-gap-default\">\n\t\t\t\t\t<div class=\"elementor-column elementor-col-100 elementor-top-column elementor-element elementor-element-48523cdd\" data-id=\"48523cdd\" data-element_type=\"column\" data-e-type=\"column\">\n\t\t\t<div class=\"elementor-widget-wrap elementor-element-populated\">\n\t\t\t\t\t\t<div class=\"elementor-element elementor-element-6a9377c5 elementor-widget elementor-widget-text-editor\" data-id=\"6a9377c5\" data-element_type=\"widget\" data-e-type=\"widget\" data-widget_type=\"text-editor.default\">\n\t\t\t\t<div class=\"elementor-widget-container\">\n\t\t\t\t\t\t\t\t\t<section class=\"pac-blog\">\n  <h1>\ud83d\udcc4 Nou tarif pentru certificatul de \u00eenmatriculare: 49 RON, valabil din 17 iunie<\/h1>\n\n  <p>\u00cen urma avizului emis de <strong>Ministerul Finan\u021belor Publice<\/strong>, au fost aprobate noile <strong>niveluri de pre\u021b<\/strong> pentru unele documente auto oficiale. Astfel, \u00eencep\u00e2nd cu data de <strong>17 iunie 2020<\/strong>, tariful pentru <strong>certificatul de \u00eenmatriculare<\/strong> va fi de:<\/p>\n\n  <div class=\"pac-price-box\">\n    \ud83d\udcb0 <strong>49 RON<\/strong>\n  <\/div>\n\n  <h2>\ud83d\uddd3\ufe0f Cum s-a ajuns la acest tarif?<\/h2>\n  <p>Stabilirea noilor pre\u021buri a avut la baz\u0103 urm\u0103toarele criterii:<\/p>\n  <ul>\n    <li>\ud83d\udcc5 <strongUltima majorare de pre\u021b<\/strong> pentru permise de conducere \u0219i certificate de \u00eenmatriculare a avut loc \u00een <strong>martie 2009<\/strong>.<\/li>\n    <li>\ud83d\udcc8 S-a aplicat <strong>indicele pre\u021bului de consum (IPC)<\/strong> de <strong>135,10%<\/strong>, \u00eenregistrat \u00eentre martie 2009 \u2013 februarie 2020.<\/li>\n    <li>\ud83e\uddee A fost inclus <strong>coeficientul de corec\u021bie de 0,9<\/strong>, \u00een favoarea consumatorului, conform <em>HG nr. 669\/2001, art. 3 alin. 2<\/em>.<\/li>\n    <li>\ud83d\udd22 Rezultatul: un IPC ajustat de <strong>131,59%<\/strong>.<\/li>\n  <\/ul>\n\n  <h2>\ud83d\udcbc Modalit\u0103\u021bile de plat\u0103 r\u0103m\u00e2n neschimbate<\/h2>\n  <p>Chiar dac\u0103 tariful a fost actualizat, <strong>metoda de \u00eencasare a sumelor aferente<\/strong> r\u0103m\u00e2ne aceea\u0219i. Pl\u0103\u021bile se pot face \u00een continuare \u00een acelea\u0219i condi\u021bii ca \u0219i p\u00e2n\u0103 acum.<\/p>\n\n  <div class=\"pac-info-box\">\n    \ud83d\udccc Vrei s\u0103 evi\u021bi cozile \u0219i birocra\u021bia? <br>\n    <strong><a href=\"\/en\/contact\/\">Contacteaz\u0103 PAC<\/a><\/strong> pentru servicii complete de \u00eenmatriculare auto \u00een Bra\u0219ov!\n  <\/div>\n<\/section>\n\n<style>\n:root {\n  --negru: #060709;\n  --verde-inchis: #175D57;\n  --verde-deschis: #23A79C;\n  --galben: #FAE19D;\n  --gri-alb: #FAFAFA;\n}\n\n.pac-blog {\n  max-width: 960px;\n  margin: 50px auto;\n  padding: 40px 20px;\n  background-color: var(--gri-alb);\n  border-radius: 12px;\n  box-shadow: 0 6px 24px rgba(0, 0, 0, 0.06);\n  font-family: 'Segoe UI', sans-serif;\n  color: var(--negru);\n}\n\n.pac-blog h1 {\n  font-size: 2.2em;\n  color: var(--verde-inchis);\n  text-align: center;\n  margin-bottom: 25px;\n}\n\n.pac-blog h2 {\n  font-size: 1.5em;\n  color: var(--verde-inchis);\n  margin-top: 30px;\n  margin-bottom: 15px;\n}\n\n.pac-blog p, .pac-blog li {\n  font-size: 1.1em;\n  line-height: 1.7;\n  color: #333;\n}\n\n.pac-blog ul {\n  padding-left: 25px;\n  margin-bottom: 20px;\n}\n\n.pac-price-box {\n  font-size: 2em;\n  font-weight: bold;\n  color: var(--verde-deschis);\n  text-align: center;\n  margin: 20px auto;\n}\n\n.pac-info-box {\n  background-color: #edfdfd;\n  border-left: 4px solid var(--verde-deschis);\n  padding: 18px 22px;\n  border-radius: 10px;\n  margin-top: 40px;\n  font-size: 1.1em;\n}\n\n.pac-info-box a {\n  color: var(--verde-inchis);\n  text-decoration: underline;\n  font-weight: 600;\n}\n<\/style>\n\n<script>\n  document.addEventListener('contextmenu', function(e) {\n    e.preventDefault();\n  });\n<\/script>\n\t\t\t\t\t\t\t\t<\/div>\n\t\t\t\t<\/div>\n\t\t\t\t\t<\/div>\n\t\t<\/div>\n\t\t\t\t\t<\/div>\n\t\t<\/section>\n\t\t\t\t<\/div>","protected":false},"excerpt":{"rendered":"<p>Noi tarife certificate \u00eenmatriculare \u2013 valabile din iunie 2025 \ud83d\udcc4 Noi tarife certificate \u00eenmatriculare \u2013 Tot ce trebuie s\u0103 \u0219tii \u00cencep\u00e2nd cu 17 iunie 2025, intr\u0103 \u00een vigoare noi tarife pentru certificatele de \u00eenmatriculare auto, conform unui ordin aprobat de Ministerul Finan\u021belor \u0219i publicat \u00een Monitorul Oficial. Noul tarif stabilit [&hellip;]<\/p>\n","protected":false},"author":1,"featured_media":1133,"comment_status":"closed","ping_status":"closed","sticky":false,"template":"","format":"standard","meta":{"footnotes":""},"categories":[2],"tags":[],"class_list":["post-356","post","type-post","status-publish","format-standard","has-post-thumbnail","hentry","category-fara-categorie"],"yoast_head":"<!-- This site is optimized with the Yoast SEO plugin v27.4 - https:\/\/yoast.com\/product\/yoast-seo-wordpress\/ -->\n<title>Noi tarife certificate \u00eenmatriculare \u2013 valabile din iunie<\/title>\n<meta name=\"description\" content=\"Afl\u0103 noile tarife pentru certificatele de \u00eenmatriculare \u2013 49 RON din iunie. Ghid complet 2025 despre taxe, pl\u0103\u021bi \u0219i documente necesare.\" \/>\n<meta name=\"robots\" content=\"index, follow, max-snippet:-1, max-image-preview:large, max-video-preview:-1\" \/>\n<link rel=\"canonical\" href=\"https:\/\/pac-inmatriculari.ro\/en\/2020\/06\/16\/noi-tarife-pentru-certificate-de-inmatriculare\/\" \/>\n<meta property=\"og:locale\" content=\"en_US\" \/>\n<meta property=\"og:type\" content=\"article\" \/>\n<meta property=\"og:title\" content=\"Noi tarife certificate \u00eenmatriculare \u2013 valabile din iunie\" \/>\n<meta property=\"og:description\" content=\"Afl\u0103 noile tarife pentru certificatele de \u00eenmatriculare \u2013 49 RON din iunie. Ghid complet 2025 despre taxe, pl\u0103\u021bi \u0219i documente necesare.\" \/>\n<meta property=\"og:url\" content=\"https:\/\/pac-inmatriculari.ro\/en\/2020\/06\/16\/noi-tarife-pentru-certificate-de-inmatriculare\/\" \/>\n<meta property=\"og:site_name\" content=\"PAC - Inmatriculari Brasov\" \/>\n<meta property=\"article:publisher\" content=\"https:\/\/www.facebook.com\/InmatriculariAutoBrasov\" \/>\n<meta property=\"article:author\" content=\"https:\/\/www.facebook.com\/InmatriculariAutoBrasov\" \/>\n<meta property=\"article:published_time\" content=\"2020-06-16T21:19:07+00:00\" \/>\n<meta property=\"article:modified_time\" content=\"2025-06-14T10:17:15+00:00\" \/>\n<meta property=\"og:image\" content=\"https:\/\/pac-inmatriculari.ro\/wp-content\/uploads\/2020\/06\/promotor-1138-649x361-1-e1612798350408.jpg\" \/>\n\t<meta property=\"og:image:width\" content=\"405\" \/>\n\t<meta property=\"og:image:height\" content=\"225\" \/>\n\t<meta property=\"og:image:type\" content=\"image\/jpeg\" \/>\n<meta name=\"author\" content=\"Professional Auto Claims\" \/>\n<meta name=\"twitter:card\" content=\"summary_large_image\" \/>\n<meta name=\"twitter:label1\" content=\"Written by\" \/>\n\t<meta name=\"twitter:data1\" content=\"Professional Auto Claims\" \/>\n\t<meta name=\"twitter:label2\" content=\"Est. reading time\" \/>\n\t<meta name=\"twitter:data2\" content=\"2 minutes\" \/>\n<script type=\"application\/ld+json\" class=\"yoast-schema-graph\">{\"@context\":\"https:\\\/\\\/schema.org\",\"@graph\":[{\"@type\":\"Article\",\"@id\":\"https:\\\/\\\/pac-inmatriculari.ro\\\/2020\\\/06\\\/16\\\/noi-tarife-pentru-certificate-de-inmatriculare\\\/#article\",\"isPartOf\":{\"@id\":\"https:\\\/\\\/pac-inmatriculari.ro\\\/2020\\\/06\\\/16\\\/noi-tarife-pentru-certificate-de-inmatriculare\\\/\"},\"author\":{\"name\":\"Professional Auto Claims\",\"@id\":\"https:\\\/\\\/pac-inmatriculari.ro\\\/#\\\/schema\\\/person\\\/201b7dfc0b81c7be37a8f81ee6bf9ee7\"},\"headline\":\"Noi tarife pentru certificate de \u00eenmatriculare\",\"datePublished\":\"2020-06-16T21:19:07+00:00\",\"dateModified\":\"2025-06-14T10:17:15+00:00\",\"mainEntityOfPage\":{\"@id\":\"https:\\\/\\\/pac-inmatriculari.ro\\\/2020\\\/06\\\/16\\\/noi-tarife-pentru-certificate-de-inmatriculare\\\/\"},\"wordCount\":224,\"publisher\":{\"@id\":\"https:\\\/\\\/pac-inmatriculari.ro\\\/#organization\"},\"image\":{\"@id\":\"https:\\\/\\\/pac-inmatriculari.ro\\\/2020\\\/06\\\/16\\\/noi-tarife-pentru-certificate-de-inmatriculare\\\/#primaryimage\"},\"thumbnailUrl\":\"https:\\\/\\\/pac-inmatriculari.ro\\\/wp-content\\\/uploads\\\/2020\\\/06\\\/promotor-1138-649x361-1-e1612798350408.jpg\",\"articleSection\":[\"F\u0103r\u0103 categorie\"],\"inLanguage\":\"en-US\"},{\"@type\":\"WebPage\",\"@id\":\"https:\\\/\\\/pac-inmatriculari.ro\\\/2020\\\/06\\\/16\\\/noi-tarife-pentru-certificate-de-inmatriculare\\\/\",\"url\":\"https:\\\/\\\/pac-inmatriculari.ro\\\/2020\\\/06\\\/16\\\/noi-tarife-pentru-certificate-de-inmatriculare\\\/\",\"name\":\"Noi tarife certificate \u00eenmatriculare \u2013 valabile din iunie\",\"isPartOf\":{\"@id\":\"https:\\\/\\\/pac-inmatriculari.ro\\\/#website\"},\"primaryImageOfPage\":{\"@id\":\"https:\\\/\\\/pac-inmatriculari.ro\\\/2020\\\/06\\\/16\\\/noi-tarife-pentru-certificate-de-inmatriculare\\\/#primaryimage\"},\"image\":{\"@id\":\"https:\\\/\\\/pac-inmatriculari.ro\\\/2020\\\/06\\\/16\\\/noi-tarife-pentru-certificate-de-inmatriculare\\\/#primaryimage\"},\"thumbnailUrl\":\"https:\\\/\\\/pac-inmatriculari.ro\\\/wp-content\\\/uploads\\\/2020\\\/06\\\/promotor-1138-649x361-1-e1612798350408.jpg\",\"datePublished\":\"2020-06-16T21:19:07+00:00\",\"dateModified\":\"2025-06-14T10:17:15+00:00\",\"description\":\"Afl\u0103 noile tarife pentru certificatele de \u00eenmatriculare \u2013 49 RON din iunie. Ghid complet 2025 despre taxe, pl\u0103\u021bi \u0219i documente necesare.\",\"breadcrumb\":{\"@id\":\"https:\\\/\\\/pac-inmatriculari.ro\\\/2020\\\/06\\\/16\\\/noi-tarife-pentru-certificate-de-inmatriculare\\\/#breadcrumb\"},\"inLanguage\":\"en-US\",\"potentialAction\":[{\"@type\":\"ReadAction\",\"target\":[\"https:\\\/\\\/pac-inmatriculari.ro\\\/2020\\\/06\\\/16\\\/noi-tarife-pentru-certificate-de-inmatriculare\\\/\"]}]},{\"@type\":\"ImageObject\",\"inLanguage\":\"en-US\",\"@id\":\"https:\\\/\\\/pac-inmatriculari.ro\\\/2020\\\/06\\\/16\\\/noi-tarife-pentru-certificate-de-inmatriculare\\\/#primaryimage\",\"url\":\"https:\\\/\\\/pac-inmatriculari.ro\\\/wp-content\\\/uploads\\\/2020\\\/06\\\/promotor-1138-649x361-1-e1612798350408.jpg\",\"contentUrl\":\"https:\\\/\\\/pac-inmatriculari.ro\\\/wp-content\\\/uploads\\\/2020\\\/06\\\/promotor-1138-649x361-1-e1612798350408.jpg\",\"width\":405,\"height\":225},{\"@type\":\"BreadcrumbList\",\"@id\":\"https:\\\/\\\/pac-inmatriculari.ro\\\/2020\\\/06\\\/16\\\/noi-tarife-pentru-certificate-de-inmatriculare\\\/#breadcrumb\",\"itemListElement\":[{\"@type\":\"ListItem\",\"position\":1,\"name\":\"Prima pagin\u0103\",\"item\":\"https:\\\/\\\/pac-inmatriculari.ro\\\/\"},{\"@type\":\"ListItem\",\"position\":2,\"name\":\"Noi tarife pentru certificate de \u00eenmatriculare\"}]},{\"@type\":\"WebSite\",\"@id\":\"https:\\\/\\\/pac-inmatriculari.ro\\\/#website\",\"url\":\"https:\\\/\\\/pac-inmatriculari.ro\\\/\",\"name\":\"PAC - Inmatriculari Brasov\",\"description\":\"Inmatriculari auto Brasov\",\"publisher\":{\"@id\":\"https:\\\/\\\/pac-inmatriculari.ro\\\/#organization\"},\"potentialAction\":[{\"@type\":\"SearchAction\",\"target\":{\"@type\":\"EntryPoint\",\"urlTemplate\":\"https:\\\/\\\/pac-inmatriculari.ro\\\/?s={search_term_string}\"},\"query-input\":{\"@type\":\"PropertyValueSpecification\",\"valueRequired\":true,\"valueName\":\"search_term_string\"}}],\"inLanguage\":\"en-US\"},{\"@type\":\"Organization\",\"@id\":\"https:\\\/\\\/pac-inmatriculari.ro\\\/#organization\",\"name\":\"PAC - Inmatriculari Brasov\",\"url\":\"https:\\\/\\\/pac-inmatriculari.ro\\\/\",\"logo\":{\"@type\":\"ImageObject\",\"inLanguage\":\"en-US\",\"@id\":\"https:\\\/\\\/pac-inmatriculari.ro\\\/#\\\/schema\\\/logo\\\/image\\\/\",\"url\":\"https:\\\/\\\/pac-inmatriculari.ro\\\/wp-content\\\/uploads\\\/2020\\\/08\\\/cropped-pac-logo.png\",\"contentUrl\":\"https:\\\/\\\/pac-inmatriculari.ro\\\/wp-content\\\/uploads\\\/2020\\\/08\\\/cropped-pac-logo.png\",\"width\":584,\"height\":584,\"caption\":\"PAC - Inmatriculari Brasov\"},\"image\":{\"@id\":\"https:\\\/\\\/pac-inmatriculari.ro\\\/#\\\/schema\\\/logo\\\/image\\\/\"},\"sameAs\":[\"https:\\\/\\\/www.facebook.com\\\/InmatriculariAutoBrasov\"]},{\"@type\":\"Person\",\"@id\":\"https:\\\/\\\/pac-inmatriculari.ro\\\/#\\\/schema\\\/person\\\/201b7dfc0b81c7be37a8f81ee6bf9ee7\",\"name\":\"Professional Auto Claims\",\"image\":{\"@type\":\"ImageObject\",\"inLanguage\":\"en-US\",\"@id\":\"https:\\\/\\\/secure.gravatar.com\\\/avatar\\\/30b2e0e27319b3dfbbc40e394be4722b2240cb64411b45ed715a5efe2465c03d?s=96&d=monsterid&r=g\",\"url\":\"https:\\\/\\\/secure.gravatar.com\\\/avatar\\\/30b2e0e27319b3dfbbc40e394be4722b2240cb64411b45ed715a5efe2465c03d?s=96&d=monsterid&r=g\",\"contentUrl\":\"https:\\\/\\\/secure.gravatar.com\\\/avatar\\\/30b2e0e27319b3dfbbc40e394be4722b2240cb64411b45ed715a5efe2465c03d?s=96&d=monsterid&r=g\",\"caption\":\"Professional Auto Claims\"},\"sameAs\":[\"https:\\\/\\\/pac-inmatriculari.ro\",\"https:\\\/\\\/www.facebook.com\\\/InmatriculariAutoBrasov\"],\"url\":\"https:\\\/\\\/pac-inmatriculari.ro\\\/en\\\/author\\\/admin\\\/\"}]}<\/script>\n<!-- \/ Yoast SEO plugin. -->","yoast_head_json":{"title":"Noi tarife certificate \u00eenmatriculare \u2013 valabile din iunie","description":"Afl\u0103 noile tarife pentru certificatele de \u00eenmatriculare \u2013 49 RON din iunie. Ghid complet 2025 despre taxe, pl\u0103\u021bi \u0219i documente necesare.","robots":{"index":"index","follow":"follow","max-snippet":"max-snippet:-1","max-image-preview":"max-image-preview:large","max-video-preview":"max-video-preview:-1"},"canonical":"https:\/\/pac-inmatriculari.ro\/en\/2020\/06\/16\/noi-tarife-pentru-certificate-de-inmatriculare\/","og_locale":"en_US","og_type":"article","og_title":"Noi tarife certificate \u00eenmatriculare \u2013 valabile din iunie","og_description":"Afl\u0103 noile tarife pentru certificatele de \u00eenmatriculare \u2013 49 RON din iunie. Ghid complet 2025 despre taxe, pl\u0103\u021bi \u0219i documente necesare.","og_url":"https:\/\/pac-inmatriculari.ro\/en\/2020\/06\/16\/noi-tarife-pentru-certificate-de-inmatriculare\/","og_site_name":"PAC - Inmatriculari Brasov","article_publisher":"https:\/\/www.facebook.com\/InmatriculariAutoBrasov","article_author":"https:\/\/www.facebook.com\/InmatriculariAutoBrasov","article_published_time":"2020-06-16T21:19:07+00:00","article_modified_time":"2025-06-14T10:17:15+00:00","og_image":[{"width":405,"height":225,"url":"https:\/\/pac-inmatriculari.ro\/wp-content\/uploads\/2020\/06\/promotor-1138-649x361-1-e1612798350408.jpg","type":"image\/jpeg"}],"author":"Professional Auto Claims","twitter_card":"summary_large_image","twitter_misc":{"Written by":"Professional Auto Claims","Est. reading time":"2 minutes"},"schema":{"@context":"https:\/\/schema.org","@graph":[{"@type":"Article","@id":"https:\/\/pac-inmatriculari.ro\/2020\/06\/16\/noi-tarife-pentru-certificate-de-inmatriculare\/#article","isPartOf":{"@id":"https:\/\/pac-inmatriculari.ro\/2020\/06\/16\/noi-tarife-pentru-certificate-de-inmatriculare\/"},"author":{"name":"Professional Auto Claims","@id":"https:\/\/pac-inmatriculari.ro\/#\/schema\/person\/201b7dfc0b81c7be37a8f81ee6bf9ee7"},"headline":"Noi tarife pentru certificate de \u00eenmatriculare","datePublished":"2020-06-16T21:19:07+00:00","dateModified":"2025-06-14T10:17:15+00:00","mainEntityOfPage":{"@id":"https:\/\/pac-inmatriculari.ro\/2020\/06\/16\/noi-tarife-pentru-certificate-de-inmatriculare\/"},"wordCount":224,"publisher":{"@id":"https:\/\/pac-inmatriculari.ro\/#organization"},"image":{"@id":"https:\/\/pac-inmatriculari.ro\/2020\/06\/16\/noi-tarife-pentru-certificate-de-inmatriculare\/#primaryimage"},"thumbnailUrl":"https:\/\/pac-inmatriculari.ro\/wp-content\/uploads\/2020\/06\/promotor-1138-649x361-1-e1612798350408.jpg","articleSection":["F\u0103r\u0103 categorie"],"inLanguage":"en-US"},{"@type":"WebPage","@id":"https:\/\/pac-inmatriculari.ro\/2020\/06\/16\/noi-tarife-pentru-certificate-de-inmatriculare\/","url":"https:\/\/pac-inmatriculari.ro\/2020\/06\/16\/noi-tarife-pentru-certificate-de-inmatriculare\/","name":"Noi tarife certificate \u00eenmatriculare \u2013 valabile din iunie","isPartOf":{"@id":"https:\/\/pac-inmatriculari.ro\/#website"},"primaryImageOfPage":{"@id":"https:\/\/pac-inmatriculari.ro\/2020\/06\/16\/noi-tarife-pentru-certificate-de-inmatriculare\/#primaryimage"},"image":{"@id":"https:\/\/pac-inmatriculari.ro\/2020\/06\/16\/noi-tarife-pentru-certificate-de-inmatriculare\/#primaryimage"},"thumbnailUrl":"https:\/\/pac-inmatriculari.ro\/wp-content\/uploads\/2020\/06\/promotor-1138-649x361-1-e1612798350408.jpg","datePublished":"2020-06-16T21:19:07+00:00","dateModified":"2025-06-14T10:17:15+00:00","description":"Afl\u0103 noile tarife pentru certificatele de \u00eenmatriculare \u2013 49 RON din iunie. Ghid complet 2025 despre taxe, pl\u0103\u021bi \u0219i documente necesare.","breadcrumb":{"@id":"https:\/\/pac-inmatriculari.ro\/2020\/06\/16\/noi-tarife-pentru-certificate-de-inmatriculare\/#breadcrumb"},"inLanguage":"en-US","potentialAction":[{"@type":"ReadAction","target":["https:\/\/pac-inmatriculari.ro\/2020\/06\/16\/noi-tarife-pentru-certificate-de-inmatriculare\/"]}]},{"@type":"ImageObject","inLanguage":"en-US","@id":"https:\/\/pac-inmatriculari.ro\/2020\/06\/16\/noi-tarife-pentru-certificate-de-inmatriculare\/#primaryimage","url":"https:\/\/pac-inmatriculari.ro\/wp-content\/uploads\/2020\/06\/promotor-1138-649x361-1-e1612798350408.jpg","contentUrl":"https:\/\/pac-inmatriculari.ro\/wp-content\/uploads\/2020\/06\/promotor-1138-649x361-1-e1612798350408.jpg","width":405,"height":225},{"@type":"BreadcrumbList","@id":"https:\/\/pac-inmatriculari.ro\/2020\/06\/16\/noi-tarife-pentru-certificate-de-inmatriculare\/#breadcrumb","itemListElement":[{"@type":"ListItem","position":1,"name":"Prima pagin\u0103","item":"https:\/\/pac-inmatriculari.ro\/"},{"@type":"ListItem","position":2,"name":"Noi tarife pentru certificate de \u00eenmatriculare"}]},{"@type":"WebSite","@id":"https:\/\/pac-inmatriculari.ro\/#website","url":"https:\/\/pac-inmatriculari.ro\/","name":"PAC - Inmatriculari Brasov","description":"Inmatriculari auto Brasov","publisher":{"@id":"https:\/\/pac-inmatriculari.ro\/#organization"},"potentialAction":[{"@type":"SearchAction","target":{"@type":"EntryPoint","urlTemplate":"https:\/\/pac-inmatriculari.ro\/?s={search_term_string}"},"query-input":{"@type":"PropertyValueSpecification","valueRequired":true,"valueName":"search_term_string"}}],"inLanguage":"en-US"},{"@type":"Organization","@id":"https:\/\/pac-inmatriculari.ro\/#organization","name":"PAC - Inmatriculari Brasov","url":"https:\/\/pac-inmatriculari.ro\/","logo":{"@type":"ImageObject","inLanguage":"en-US","@id":"https:\/\/pac-inmatriculari.ro\/#\/schema\/logo\/image\/","url":"https:\/\/pac-inmatriculari.ro\/wp-content\/uploads\/2020\/08\/cropped-pac-logo.png","contentUrl":"https:\/\/pac-inmatriculari.ro\/wp-content\/uploads\/2020\/08\/cropped-pac-logo.png","width":584,"height":584,"caption":"PAC - Inmatriculari Brasov"},"image":{"@id":"https:\/\/pac-inmatriculari.ro\/#\/schema\/logo\/image\/"},"sameAs":["https:\/\/www.facebook.com\/InmatriculariAutoBrasov"]},{"@type":"Person","@id":"https:\/\/pac-inmatriculari.ro\/#\/schema\/person\/201b7dfc0b81c7be37a8f81ee6bf9ee7","name":"Professional Auto Claims","image":{"@type":"ImageObject","inLanguage":"en-US","@id":"https:\/\/secure.gravatar.com\/avatar\/30b2e0e27319b3dfbbc40e394be4722b2240cb64411b45ed715a5efe2465c03d?s=96&d=monsterid&r=g","url":"https:\/\/secure.gravatar.com\/avatar\/30b2e0e27319b3dfbbc40e394be4722b2240cb64411b45ed715a5efe2465c03d?s=96&d=monsterid&r=g","contentUrl":"https:\/\/secure.gravatar.com\/avatar\/30b2e0e27319b3dfbbc40e394be4722b2240cb64411b45ed715a5efe2465c03d?s=96&d=monsterid&r=g","caption":"Professional Auto Claims"},"sameAs":["https:\/\/pac-inmatriculari.ro","https:\/\/www.facebook.com\/InmatriculariAutoBrasov"],"url":"https:\/\/pac-inmatriculari.ro\/en\/author\/admin\/"}]}},"_links":{"self":[{"href":"https:\/\/pac-inmatriculari.ro\/en\/wp-json\/wp\/v2\/posts\/356","targetHints":{"allow":["GET"]}}],"collection":[{"href":"https:\/\/pac-inmatriculari.ro\/en\/wp-json\/wp\/v2\/posts"}],"about":[{"href":"https:\/\/pac-inmatriculari.ro\/en\/wp-json\/wp\/v2\/types\/post"}],"author":[{"embeddable":true,"href":"https:\/\/pac-inmatriculari.ro\/en\/wp-json\/wp\/v2\/users\/1"}],"replies":[{"embeddable":true,"href":"https:\/\/pac-inmatriculari.ro\/en\/wp-json\/wp\/v2\/comments?post=356"}],"version-history":[{"count":27,"href":"https:\/\/pac-inmatriculari.ro\/en\/wp-json\/wp\/v2\/posts\/356\/revisions"}],"predecessor-version":[{"id":2863,"href":"https:\/\/pac-inmatriculari.ro\/en\/wp-json\/wp\/v2\/posts\/356\/revisions\/2863"}],"wp:featuredmedia":[{"embeddable":true,"href":"https:\/\/pac-inmatriculari.ro\/en\/wp-json\/wp\/v2\/media\/1133"}],"wp:attachment":[{"href":"https:\/\/pac-inmatriculari.ro\/en\/wp-json\/wp\/v2\/media?parent=356"}],"wp:term":[{"taxonomy":"category","embeddable":true,"href":"https:\/\/pac-inmatriculari.ro\/en\/wp-json\/wp\/v2\/categories?post=356"},{"taxonomy":"post_tag","embeddable":true,"href":"https:\/\/pac-inmatriculari.ro\/en\/wp-json\/wp\/v2\/tags?post=356"}],"curies":[{"name":"wp","href":"https:\/\/api.w.org\/{rel}","templated":true}]}}