{"id":728,"date":"2020-12-17T21:42:43","date_gmt":"2020-12-17T19:42:43","guid":{"rendered":"https:\/\/pac-inmatriculari.ro\/?p=728"},"modified":"2025-06-14T12:20:58","modified_gmt":"2025-06-14T10:20:58","slug":"de-la-01-01-2021-nu-se-vor-mai-putea-inmatricula-motociclete-mopede-motocicluri-noi-euro-4","status":"publish","type":"post","link":"https:\/\/pac-inmatriculari.ro\/en\/2020\/12\/17\/de-la-01-01-2021-nu-se-vor-mai-putea-inmatricula-motociclete-mopede-motocicluri-noi-euro-4\/","title":{"rendered":"From 01.01.2021, new Euro 4 mopeds\/motorcycles will no longer be able to be registered"},"content":{"rendered":"<div data-elementor-type=\"wp-post\" data-elementor-id=\"728\" class=\"elementor elementor-728\">\n\t\t\t\t\t\t<section class=\"elementor-section elementor-top-section elementor-element elementor-element-da76536 elementor-section-boxed elementor-section-height-default elementor-section-height-default\" data-id=\"da76536\" data-element_type=\"section\" data-e-type=\"section\">\n\t\t\t\t\t\t<div class=\"elementor-container elementor-column-gap-default\">\n\t\t\t\t\t<div class=\"elementor-column elementor-col-100 elementor-top-column elementor-element elementor-element-af4d99d\" data-id=\"af4d99d\" data-element_type=\"column\" data-e-type=\"column\">\n\t\t\t<div class=\"elementor-widget-wrap elementor-element-populated\">\n\t\t\t\t\t\t<div class=\"elementor-element elementor-element-593b897 elementor-widget elementor-widget-heading\" data-id=\"593b897\" data-element_type=\"widget\" data-e-type=\"widget\" data-widget_type=\"heading.default\">\n\t\t\t\t<div class=\"elementor-widget-container\">\n\t\t\t\t\t<h4 class=\"elementor-heading-title elementor-size-default\">From 01.01.2021, new Euro 4 mopeds\/motorcycles will no longer be able to be registered<\/h4>\t\t\t\t<\/div>\n\t\t\t\t<\/div>\n\t\t\t\t\t<\/div>\n\t\t<\/div>\n\t\t\t\t\t<\/div>\n\t\t<\/section>\n\t\t\t\t<section class=\"elementor-section elementor-top-section elementor-element elementor-element-024b087 elementor-section-boxed elementor-section-height-default elementor-section-height-default\" data-id=\"024b087\" data-element_type=\"section\" data-e-type=\"section\">\n\t\t\t\t\t\t<div class=\"elementor-container elementor-column-gap-default\">\n\t\t\t\t\t<div class=\"elementor-column elementor-col-100 elementor-top-column elementor-element elementor-element-f337029\" data-id=\"f337029\" data-element_type=\"column\" data-e-type=\"column\">\n\t\t\t<div class=\"elementor-widget-wrap elementor-element-populated\">\n\t\t\t\t\t\t<div class=\"elementor-element elementor-element-b1ff6a0 elementor-widget-divider--view-line elementor-widget elementor-widget-divider\" data-id=\"b1ff6a0\" data-element_type=\"widget\" data-e-type=\"widget\" data-widget_type=\"divider.default\">\n\t\t\t\t<div class=\"elementor-widget-container\">\n\t\t\t\t\t\t\t<div class=\"elementor-divider\">\n\t\t\t<span class=\"elementor-divider-separator\">\n\t\t\t\t\t\t<\/span>\n\t\t<\/div>\n\t\t\t\t\t\t<\/div>\n\t\t\t\t<\/div>\n\t\t\t\t\t<\/div>\n\t\t<\/div>\n\t\t\t\t\t<\/div>\n\t\t<\/section>\n\t\t\t\t<section class=\"elementor-section elementor-top-section elementor-element elementor-element-10b647b2 elementor-section-boxed elementor-section-height-default elementor-section-height-default\" data-id=\"10b647b2\" data-element_type=\"section\" data-e-type=\"section\">\n\t\t\t\t\t\t<div class=\"elementor-container elementor-column-gap-default\">\n\t\t\t\t\t<div class=\"elementor-column elementor-col-100 elementor-top-column elementor-element elementor-element-1a879a71\" data-id=\"1a879a71\" data-element_type=\"column\" data-e-type=\"column\">\n\t\t\t<div class=\"elementor-widget-wrap elementor-element-populated\">\n\t\t\t\t\t\t<div class=\"elementor-element elementor-element-e86109 elementor-widget elementor-widget-text-editor\" data-id=\"e86109\" data-element_type=\"widget\" data-e-type=\"widget\" data-widget_type=\"text-editor.default\">\n\t\t\t\t<div class=\"elementor-widget-container\">\n\t\t\t\t\t\t\t\t\t<section class=\"pac-blog\">\n  <h1>\ud83c\udfcd\ufe0f Norma Euro 5 pentru motociclete \u2013 ce trebuie s\u0103 \u0219tii despre \u00eenmatriculare \u0219i termenul limit\u0103<\/h1>\n\n  <p>Potrivit <strong>Regulamentului (UE) 715\/2007<\/strong>, modificat \u0219i completat prin <strong>Regulamentul (UE) 2018\/1832 al Comisiei<\/strong>, toate <strong>motocicletele, mopedele \u0219i motociclurile<\/strong> care vor fi omologate \u00eencep\u00e2nd cu <strong>1 ianuarie 2021<\/strong> \u00een Uniunea European\u0103 trebuie s\u0103 respecte noul standard <strong>Euro 5<\/strong>.<\/p>\n\n  <p>Acest nou standard \u00eenlocuie\u0219te norma de poluare <strong>Euro 4<\/strong> \u0219i se aplic\u0103 tuturor vehiculelor cu dou\u0103 sau trei ro\u021bi noi, comercializate pe teritoriul Uniunii Europene.<\/p>\n\n  <h2>\ud83d\udcc5 Ce trebuie s\u0103 faci dac\u0103 ai o motociclet\u0103 cu norma Euro 4?<\/h2>\n  <p>Dac\u0103 de\u021bii un vehicul cu norma de poluare <strong>Euro 4<\/strong> \u0219i acesta <strong>nu a fost \u00eenc\u0103 \u00eenmatriculat<\/strong>, este esen\u021bial s\u0103 demarezi <strong>procedurile de \u00eenmatriculare p\u00e2n\u0103 cel t\u00e2rziu la 31 decembrie 2020<\/strong>.<\/p>\n\n  <div class=\"pac-warning\">\n    \u26a0\ufe0f \u00cenmatricul\u0103rile efectuate dup\u0103 <strong>1 ianuarie 2021<\/strong> nu mai sunt acceptate pentru vehiculele Euro 4, chiar dac\u0103 sunt noi, \u00eentruc\u00e2t nu mai corespund cerin\u021belor legislative \u00een vigoare.\n  <\/div>\n\n  <h2>\ud83d\udccc Ce se tip\u0103re\u0219te \u00een certificatul de \u00eenmatriculare?<\/h2>\n  <p>Data care conteaz\u0103 legal este <strong>data primei \u00eenmatricul\u0103ri<\/strong> \u00eenscris\u0103 \u00een certificatul de \u00eenmatriculare. Dac\u0103 aceasta este ulterioar\u0103 datei de <strong>01.01.2021<\/strong>, \u00eenmatricularea unui vehicul Euro 4 nu mai este permis\u0103.<\/p>\n\n  <h2>\ud83d\udca1 Recomandare PAC<\/h2>\n  <p>Dac\u0103 ai achizi\u021bionat recent o motociclet\u0103 cu norma Euro 4 \u0219i nu ai finalizat \u00eenmatricularea, apeleaz\u0103 <strong>urgent<\/strong> la o firm\u0103 specializat\u0103 \u00een servicii de \u00eenmatriculare pentru a evita blocarea procesului.<\/p>\n\n  <div style=\"text-align: center;\">\n    <a class=\"pac-cta-button\" href=\"https:\/\/pac-inmatriculari.ro\/en\/contact\/\" target=\"_blank\" rel=\"noopener\">\ud83d\udce9 Solicit\u0103 ajutor pentru \u00eenmatricularea motocicletei<\/a>\n  <\/div>\n<\/section>\n\n<style>\n  :root {\n    --negru: #060709;\n    --verde-inchis: #175D57;\n    --verde-deschis: #23A79C;\n    --galben: #FAE19D;\n    --gri-alb: #FAFAFA;\n  }\n\n  .pac-blog {\n    max-width: 960px;\n    margin: 50px auto;\n    padding: 40px 20px;\n    background-color: #fff;\n    border-radius: 12px;\n    box-shadow: 0 6px 24px rgba(0, 0, 0, 0.06);\n    font-family: 'Segoe UI', sans-serif;\n    color: var(--negru);\n  }\n\n  .pac-blog h1 {\n    font-size: 2.4em;\n    color: var(--verde-inchis);\n    text-align: center;\n    margin-bottom: 25px;\n  }\n\n  .pac-blog h2 {\n    font-size: 1.5em;\n    color: var(--verde-inchis);\n    margin-top: 40px;\n    margin-bottom: 15px;\n  }\n\n  .pac-blog p, .pac-blog li {\n    font-size: 1.1em;\n    line-height: 1.7;\n    color: #333;\n    text-align: justify;\n  }\n\n  .pac-warning {\n    background-color: var(--galben);\n    color: var(--negru);\n    padding: 18px 22px;\n    border-radius: 10px;\n    font-weight: 500;\n    margin: 40px 0;\n  }\n\n  .pac-cta-button {\n    display: inline-block;\n    background-color: var(--verde-deschis);\n    color: white;\n    padding: 14px 30px;\n    font-size: 1.1em;\n    border-radius: 8px;\n    text-decoration: none;\n    box-shadow: 0 4px 12px rgba(0, 0, 0, 0.1);\n    transition: background 0.3s ease, transform 0.2s ease;\n  }\n\n  .pac-cta-button:hover {\n    background-color: var(--verde-inchis);\n    transform: translateY(-2px);\n  }\n<\/style>\n\n<script>\n  document.addEventListener('contextmenu', function(e) {\n    e.preventDefault();\n  });\n<\/script>\n\t\t\t\t\t\t\t\t<\/div>\n\t\t\t\t<\/div>\n\t\t\t\t\t<\/div>\n\t\t<\/div>\n\t\t\t\t\t<\/div>\n\t\t<\/section>\n\t\t\t\t<\/div>","protected":false},"excerpt":{"rendered":"<p>\ud83c\udfcd\ufe0f \u00cenmatriculare motociclete Euro 4 \u2013 termen limit\u0103 \u0219i reglement\u0103ri esen\u021biale Dac\u0103 te intereseaz\u0103 \u00eenmatricularea motocicletelor Euro 4, trebuie s\u0103 \u0219tii c\u0103 legisla\u021bia european\u0103 a introdus schimb\u0103ri importante \u00eencep\u00e2nd cu 1 ianuarie 2021. Noul standard Euro 5 este acum obligatoriu pentru toate motocicletele noi comercializate \u00een Uniunea European\u0103. \ud83d\udcc5 Ce [&hellip;]<\/p>\n","protected":false},"author":1,"featured_media":0,"comment_status":"open","ping_status":"open","sticky":false,"template":"","format":"standard","meta":{"footnotes":""},"categories":[2],"tags":[],"class_list":["post-728","post","type-post","status-publish","format-standard","hentry","category-fara-categorie"],"yoast_head":"<!-- This site is optimized with the Yoast SEO plugin v27.4 - https:\/\/yoast.com\/product\/yoast-seo-wordpress\/ -->\n<title>\u00cenmatriculare motociclete Euro 4 \u2013 Ultima \u0219ans\u0103 p\u00e2n\u0103 la final 2020<\/title>\n<meta name=\"description\" content=\"\u00cenmatriculare motociclete Euro 4: afl\u0103 totul despre termenul limit\u0103 legal, excep\u021bii, documente \u0219i solu\u021bii. Evit\u0103 blocarea \u00eenmatricul\u0103rii din 2021!\" \/>\n<meta name=\"robots\" content=\"index, follow, max-snippet:-1, max-image-preview:large, max-video-preview:-1\" \/>\n<link rel=\"canonical\" href=\"https:\/\/pac-inmatriculari.ro\/en\/2020\/12\/17\/de-la-01-01-2021-nu-se-vor-mai-putea-inmatricula-motociclete-mopede-motocicluri-noi-euro-4\/\" \/>\n<meta property=\"og:locale\" content=\"en_US\" \/>\n<meta property=\"og:type\" content=\"article\" \/>\n<meta property=\"og:title\" content=\"\u00cenmatriculare motociclete Euro 4 \u2013 Ultima \u0219ans\u0103 p\u00e2n\u0103 la final 2020\" \/>\n<meta property=\"og:description\" content=\"\u00cenmatriculare motociclete Euro 4: afl\u0103 totul despre termenul limit\u0103 legal, excep\u021bii, documente \u0219i solu\u021bii. Evit\u0103 blocarea \u00eenmatricul\u0103rii din 2021!\" \/>\n<meta property=\"og:url\" content=\"https:\/\/pac-inmatriculari.ro\/en\/2020\/12\/17\/de-la-01-01-2021-nu-se-vor-mai-putea-inmatricula-motociclete-mopede-motocicluri-noi-euro-4\/\" \/>\n<meta property=\"og:site_name\" content=\"PAC - Inmatriculari Brasov\" \/>\n<meta property=\"article:publisher\" content=\"https:\/\/www.facebook.com\/InmatriculariAutoBrasov\" \/>\n<meta property=\"article:author\" content=\"https:\/\/www.facebook.com\/InmatriculariAutoBrasov\" \/>\n<meta property=\"article:published_time\" content=\"2020-12-17T19:42:43+00:00\" \/>\n<meta property=\"article:modified_time\" content=\"2025-06-14T10:20:58+00:00\" \/>\n<meta property=\"og:image\" content=\"https:\/\/pac-inmatriculari.ro\/wp-content\/uploads\/2025\/06\/motocicleta-euro4-inmatriculare.jpg\" \/>\n<meta name=\"author\" content=\"Professional Auto Claims\" \/>\n<meta name=\"twitter:card\" content=\"summary_large_image\" \/>\n<meta name=\"twitter:label1\" content=\"Written by\" \/>\n\t<meta name=\"twitter:data1\" content=\"Professional Auto Claims\" \/>\n\t<meta name=\"twitter:label2\" content=\"Est. reading time\" \/>\n\t<meta name=\"twitter:data2\" content=\"2 minutes\" \/>\n<script type=\"application\/ld+json\" class=\"yoast-schema-graph\">{\"@context\":\"https:\\\/\\\/schema.org\",\"@graph\":[{\"@type\":\"Article\",\"@id\":\"https:\\\/\\\/pac-inmatriculari.ro\\\/2020\\\/12\\\/17\\\/de-la-01-01-2021-nu-se-vor-mai-putea-inmatricula-motociclete-mopede-motocicluri-noi-euro-4\\\/#article\",\"isPartOf\":{\"@id\":\"https:\\\/\\\/pac-inmatriculari.ro\\\/2020\\\/12\\\/17\\\/de-la-01-01-2021-nu-se-vor-mai-putea-inmatricula-motociclete-mopede-motocicluri-noi-euro-4\\\/\"},\"author\":{\"name\":\"Professional Auto Claims\",\"@id\":\"https:\\\/\\\/pac-inmatriculari.ro\\\/#\\\/schema\\\/person\\\/201b7dfc0b81c7be37a8f81ee6bf9ee7\"},\"headline\":\"De la 01.01.2021 nu se vor mai putea inmatricula motococlete\\\/mopede\\\/motocicluri, noi, Euro 4\",\"datePublished\":\"2020-12-17T19:42:43+00:00\",\"dateModified\":\"2025-06-14T10:20:58+00:00\",\"mainEntityOfPage\":{\"@id\":\"https:\\\/\\\/pac-inmatriculari.ro\\\/2020\\\/12\\\/17\\\/de-la-01-01-2021-nu-se-vor-mai-putea-inmatricula-motociclete-mopede-motocicluri-noi-euro-4\\\/\"},\"wordCount\":262,\"commentCount\":0,\"publisher\":{\"@id\":\"https:\\\/\\\/pac-inmatriculari.ro\\\/#organization\"},\"image\":{\"@id\":\"https:\\\/\\\/pac-inmatriculari.ro\\\/2020\\\/12\\\/17\\\/de-la-01-01-2021-nu-se-vor-mai-putea-inmatricula-motociclete-mopede-motocicluri-noi-euro-4\\\/#primaryimage\"},\"thumbnailUrl\":\"https:\\\/\\\/pac-inmatriculari.ro\\\/wp-content\\\/uploads\\\/2025\\\/06\\\/motocicleta-euro4-inmatriculare.jpg\",\"articleSection\":[\"F\u0103r\u0103 categorie\"],\"inLanguage\":\"en-US\",\"potentialAction\":[{\"@type\":\"CommentAction\",\"name\":\"Comment\",\"target\":[\"https:\\\/\\\/pac-inmatriculari.ro\\\/2020\\\/12\\\/17\\\/de-la-01-01-2021-nu-se-vor-mai-putea-inmatricula-motociclete-mopede-motocicluri-noi-euro-4\\\/#respond\"]}]},{\"@type\":\"WebPage\",\"@id\":\"https:\\\/\\\/pac-inmatriculari.ro\\\/2020\\\/12\\\/17\\\/de-la-01-01-2021-nu-se-vor-mai-putea-inmatricula-motociclete-mopede-motocicluri-noi-euro-4\\\/\",\"url\":\"https:\\\/\\\/pac-inmatriculari.ro\\\/2020\\\/12\\\/17\\\/de-la-01-01-2021-nu-se-vor-mai-putea-inmatricula-motociclete-mopede-motocicluri-noi-euro-4\\\/\",\"name\":\"\u00cenmatriculare motociclete Euro 4 \u2013 Ultima \u0219ans\u0103 p\u00e2n\u0103 la final 2020\",\"isPartOf\":{\"@id\":\"https:\\\/\\\/pac-inmatriculari.ro\\\/#website\"},\"primaryImageOfPage\":{\"@id\":\"https:\\\/\\\/pac-inmatriculari.ro\\\/2020\\\/12\\\/17\\\/de-la-01-01-2021-nu-se-vor-mai-putea-inmatricula-motociclete-mopede-motocicluri-noi-euro-4\\\/#primaryimage\"},\"image\":{\"@id\":\"https:\\\/\\\/pac-inmatriculari.ro\\\/2020\\\/12\\\/17\\\/de-la-01-01-2021-nu-se-vor-mai-putea-inmatricula-motociclete-mopede-motocicluri-noi-euro-4\\\/#primaryimage\"},\"thumbnailUrl\":\"https:\\\/\\\/pac-inmatriculari.ro\\\/wp-content\\\/uploads\\\/2025\\\/06\\\/motocicleta-euro4-inmatriculare.jpg\",\"datePublished\":\"2020-12-17T19:42:43+00:00\",\"dateModified\":\"2025-06-14T10:20:58+00:00\",\"description\":\"\u00cenmatriculare motociclete Euro 4: afl\u0103 totul despre termenul limit\u0103 legal, excep\u021bii, documente \u0219i solu\u021bii. Evit\u0103 blocarea \u00eenmatricul\u0103rii din 2021!\",\"breadcrumb\":{\"@id\":\"https:\\\/\\\/pac-inmatriculari.ro\\\/2020\\\/12\\\/17\\\/de-la-01-01-2021-nu-se-vor-mai-putea-inmatricula-motociclete-mopede-motocicluri-noi-euro-4\\\/#breadcrumb\"},\"inLanguage\":\"en-US\",\"potentialAction\":[{\"@type\":\"ReadAction\",\"target\":[\"https:\\\/\\\/pac-inmatriculari.ro\\\/2020\\\/12\\\/17\\\/de-la-01-01-2021-nu-se-vor-mai-putea-inmatricula-motociclete-mopede-motocicluri-noi-euro-4\\\/\"]}]},{\"@type\":\"ImageObject\",\"inLanguage\":\"en-US\",\"@id\":\"https:\\\/\\\/pac-inmatriculari.ro\\\/2020\\\/12\\\/17\\\/de-la-01-01-2021-nu-se-vor-mai-putea-inmatricula-motociclete-mopede-motocicluri-noi-euro-4\\\/#primaryimage\",\"url\":\"https:\\\/\\\/pac-inmatriculari.ro\\\/wp-content\\\/uploads\\\/2025\\\/06\\\/motocicleta-euro4-inmatriculare.jpg\",\"contentUrl\":\"https:\\\/\\\/pac-inmatriculari.ro\\\/wp-content\\\/uploads\\\/2025\\\/06\\\/motocicleta-euro4-inmatriculare.jpg\"},{\"@type\":\"BreadcrumbList\",\"@id\":\"https:\\\/\\\/pac-inmatriculari.ro\\\/2020\\\/12\\\/17\\\/de-la-01-01-2021-nu-se-vor-mai-putea-inmatricula-motociclete-mopede-motocicluri-noi-euro-4\\\/#breadcrumb\",\"itemListElement\":[{\"@type\":\"ListItem\",\"position\":1,\"name\":\"Prima pagin\u0103\",\"item\":\"https:\\\/\\\/pac-inmatriculari.ro\\\/\"},{\"@type\":\"ListItem\",\"position\":2,\"name\":\"De la 01.01.2021 nu se vor mai putea inmatricula motococlete\\\/mopede\\\/motocicluri, noi, Euro 4\"}]},{\"@type\":\"WebSite\",\"@id\":\"https:\\\/\\\/pac-inmatriculari.ro\\\/#website\",\"url\":\"https:\\\/\\\/pac-inmatriculari.ro\\\/\",\"name\":\"PAC - Inmatriculari Brasov\",\"description\":\"Inmatriculari auto Brasov\",\"publisher\":{\"@id\":\"https:\\\/\\\/pac-inmatriculari.ro\\\/#organization\"},\"potentialAction\":[{\"@type\":\"SearchAction\",\"target\":{\"@type\":\"EntryPoint\",\"urlTemplate\":\"https:\\\/\\\/pac-inmatriculari.ro\\\/?s={search_term_string}\"},\"query-input\":{\"@type\":\"PropertyValueSpecification\",\"valueRequired\":true,\"valueName\":\"search_term_string\"}}],\"inLanguage\":\"en-US\"},{\"@type\":\"Organization\",\"@id\":\"https:\\\/\\\/pac-inmatriculari.ro\\\/#organization\",\"name\":\"PAC - Inmatriculari Brasov\",\"url\":\"https:\\\/\\\/pac-inmatriculari.ro\\\/\",\"logo\":{\"@type\":\"ImageObject\",\"inLanguage\":\"en-US\",\"@id\":\"https:\\\/\\\/pac-inmatriculari.ro\\\/#\\\/schema\\\/logo\\\/image\\\/\",\"url\":\"https:\\\/\\\/pac-inmatriculari.ro\\\/wp-content\\\/uploads\\\/2020\\\/08\\\/cropped-pac-logo.png\",\"contentUrl\":\"https:\\\/\\\/pac-inmatriculari.ro\\\/wp-content\\\/uploads\\\/2020\\\/08\\\/cropped-pac-logo.png\",\"width\":584,\"height\":584,\"caption\":\"PAC - Inmatriculari Brasov\"},\"image\":{\"@id\":\"https:\\\/\\\/pac-inmatriculari.ro\\\/#\\\/schema\\\/logo\\\/image\\\/\"},\"sameAs\":[\"https:\\\/\\\/www.facebook.com\\\/InmatriculariAutoBrasov\"]},{\"@type\":\"Person\",\"@id\":\"https:\\\/\\\/pac-inmatriculari.ro\\\/#\\\/schema\\\/person\\\/201b7dfc0b81c7be37a8f81ee6bf9ee7\",\"name\":\"Professional Auto Claims\",\"image\":{\"@type\":\"ImageObject\",\"inLanguage\":\"en-US\",\"@id\":\"https:\\\/\\\/secure.gravatar.com\\\/avatar\\\/30b2e0e27319b3dfbbc40e394be4722b2240cb64411b45ed715a5efe2465c03d?s=96&d=monsterid&r=g\",\"url\":\"https:\\\/\\\/secure.gravatar.com\\\/avatar\\\/30b2e0e27319b3dfbbc40e394be4722b2240cb64411b45ed715a5efe2465c03d?s=96&d=monsterid&r=g\",\"contentUrl\":\"https:\\\/\\\/secure.gravatar.com\\\/avatar\\\/30b2e0e27319b3dfbbc40e394be4722b2240cb64411b45ed715a5efe2465c03d?s=96&d=monsterid&r=g\",\"caption\":\"Professional Auto Claims\"},\"sameAs\":[\"https:\\\/\\\/pac-inmatriculari.ro\",\"https:\\\/\\\/www.facebook.com\\\/InmatriculariAutoBrasov\"],\"url\":\"https:\\\/\\\/pac-inmatriculari.ro\\\/en\\\/author\\\/admin\\\/\"}]}<\/script>\n<!-- \/ Yoast SEO plugin. -->","yoast_head_json":{"title":"\u00cenmatriculare motociclete Euro 4 \u2013 Ultima \u0219ans\u0103 p\u00e2n\u0103 la final 2020","description":"\u00cenmatriculare motociclete Euro 4: afl\u0103 totul despre termenul limit\u0103 legal, excep\u021bii, documente \u0219i solu\u021bii. Evit\u0103 blocarea \u00eenmatricul\u0103rii din 2021!","robots":{"index":"index","follow":"follow","max-snippet":"max-snippet:-1","max-image-preview":"max-image-preview:large","max-video-preview":"max-video-preview:-1"},"canonical":"https:\/\/pac-inmatriculari.ro\/en\/2020\/12\/17\/de-la-01-01-2021-nu-se-vor-mai-putea-inmatricula-motociclete-mopede-motocicluri-noi-euro-4\/","og_locale":"en_US","og_type":"article","og_title":"\u00cenmatriculare motociclete Euro 4 \u2013 Ultima \u0219ans\u0103 p\u00e2n\u0103 la final 2020","og_description":"\u00cenmatriculare motociclete Euro 4: afl\u0103 totul despre termenul limit\u0103 legal, excep\u021bii, documente \u0219i solu\u021bii. Evit\u0103 blocarea \u00eenmatricul\u0103rii din 2021!","og_url":"https:\/\/pac-inmatriculari.ro\/en\/2020\/12\/17\/de-la-01-01-2021-nu-se-vor-mai-putea-inmatricula-motociclete-mopede-motocicluri-noi-euro-4\/","og_site_name":"PAC - Inmatriculari Brasov","article_publisher":"https:\/\/www.facebook.com\/InmatriculariAutoBrasov","article_author":"https:\/\/www.facebook.com\/InmatriculariAutoBrasov","article_published_time":"2020-12-17T19:42:43+00:00","article_modified_time":"2025-06-14T10:20:58+00:00","og_image":[{"url":"https:\/\/pac-inmatriculari.ro\/wp-content\/uploads\/2025\/06\/motocicleta-euro4-inmatriculare.jpg","type":"","width":"","height":""}],"author":"Professional Auto Claims","twitter_card":"summary_large_image","twitter_misc":{"Written by":"Professional Auto Claims","Est. reading time":"2 minutes"},"schema":{"@context":"https:\/\/schema.org","@graph":[{"@type":"Article","@id":"https:\/\/pac-inmatriculari.ro\/2020\/12\/17\/de-la-01-01-2021-nu-se-vor-mai-putea-inmatricula-motociclete-mopede-motocicluri-noi-euro-4\/#article","isPartOf":{"@id":"https:\/\/pac-inmatriculari.ro\/2020\/12\/17\/de-la-01-01-2021-nu-se-vor-mai-putea-inmatricula-motociclete-mopede-motocicluri-noi-euro-4\/"},"author":{"name":"Professional Auto Claims","@id":"https:\/\/pac-inmatriculari.ro\/#\/schema\/person\/201b7dfc0b81c7be37a8f81ee6bf9ee7"},"headline":"De la 01.01.2021 nu se vor mai putea inmatricula motococlete\/mopede\/motocicluri, noi, Euro 4","datePublished":"2020-12-17T19:42:43+00:00","dateModified":"2025-06-14T10:20:58+00:00","mainEntityOfPage":{"@id":"https:\/\/pac-inmatriculari.ro\/2020\/12\/17\/de-la-01-01-2021-nu-se-vor-mai-putea-inmatricula-motociclete-mopede-motocicluri-noi-euro-4\/"},"wordCount":262,"commentCount":0,"publisher":{"@id":"https:\/\/pac-inmatriculari.ro\/#organization"},"image":{"@id":"https:\/\/pac-inmatriculari.ro\/2020\/12\/17\/de-la-01-01-2021-nu-se-vor-mai-putea-inmatricula-motociclete-mopede-motocicluri-noi-euro-4\/#primaryimage"},"thumbnailUrl":"https:\/\/pac-inmatriculari.ro\/wp-content\/uploads\/2025\/06\/motocicleta-euro4-inmatriculare.jpg","articleSection":["F\u0103r\u0103 categorie"],"inLanguage":"en-US","potentialAction":[{"@type":"CommentAction","name":"Comment","target":["https:\/\/pac-inmatriculari.ro\/2020\/12\/17\/de-la-01-01-2021-nu-se-vor-mai-putea-inmatricula-motociclete-mopede-motocicluri-noi-euro-4\/#respond"]}]},{"@type":"WebPage","@id":"https:\/\/pac-inmatriculari.ro\/2020\/12\/17\/de-la-01-01-2021-nu-se-vor-mai-putea-inmatricula-motociclete-mopede-motocicluri-noi-euro-4\/","url":"https:\/\/pac-inmatriculari.ro\/2020\/12\/17\/de-la-01-01-2021-nu-se-vor-mai-putea-inmatricula-motociclete-mopede-motocicluri-noi-euro-4\/","name":"\u00cenmatriculare motociclete Euro 4 \u2013 Ultima \u0219ans\u0103 p\u00e2n\u0103 la final 2020","isPartOf":{"@id":"https:\/\/pac-inmatriculari.ro\/#website"},"primaryImageOfPage":{"@id":"https:\/\/pac-inmatriculari.ro\/2020\/12\/17\/de-la-01-01-2021-nu-se-vor-mai-putea-inmatricula-motociclete-mopede-motocicluri-noi-euro-4\/#primaryimage"},"image":{"@id":"https:\/\/pac-inmatriculari.ro\/2020\/12\/17\/de-la-01-01-2021-nu-se-vor-mai-putea-inmatricula-motociclete-mopede-motocicluri-noi-euro-4\/#primaryimage"},"thumbnailUrl":"https:\/\/pac-inmatriculari.ro\/wp-content\/uploads\/2025\/06\/motocicleta-euro4-inmatriculare.jpg","datePublished":"2020-12-17T19:42:43+00:00","dateModified":"2025-06-14T10:20:58+00:00","description":"\u00cenmatriculare motociclete Euro 4: afl\u0103 totul despre termenul limit\u0103 legal, excep\u021bii, documente \u0219i solu\u021bii. Evit\u0103 blocarea \u00eenmatricul\u0103rii din 2021!","breadcrumb":{"@id":"https:\/\/pac-inmatriculari.ro\/2020\/12\/17\/de-la-01-01-2021-nu-se-vor-mai-putea-inmatricula-motociclete-mopede-motocicluri-noi-euro-4\/#breadcrumb"},"inLanguage":"en-US","potentialAction":[{"@type":"ReadAction","target":["https:\/\/pac-inmatriculari.ro\/2020\/12\/17\/de-la-01-01-2021-nu-se-vor-mai-putea-inmatricula-motociclete-mopede-motocicluri-noi-euro-4\/"]}]},{"@type":"ImageObject","inLanguage":"en-US","@id":"https:\/\/pac-inmatriculari.ro\/2020\/12\/17\/de-la-01-01-2021-nu-se-vor-mai-putea-inmatricula-motociclete-mopede-motocicluri-noi-euro-4\/#primaryimage","url":"https:\/\/pac-inmatriculari.ro\/wp-content\/uploads\/2025\/06\/motocicleta-euro4-inmatriculare.jpg","contentUrl":"https:\/\/pac-inmatriculari.ro\/wp-content\/uploads\/2025\/06\/motocicleta-euro4-inmatriculare.jpg"},{"@type":"BreadcrumbList","@id":"https:\/\/pac-inmatriculari.ro\/2020\/12\/17\/de-la-01-01-2021-nu-se-vor-mai-putea-inmatricula-motociclete-mopede-motocicluri-noi-euro-4\/#breadcrumb","itemListElement":[{"@type":"ListItem","position":1,"name":"Prima pagin\u0103","item":"https:\/\/pac-inmatriculari.ro\/"},{"@type":"ListItem","position":2,"name":"De la 01.01.2021 nu se vor mai putea inmatricula motococlete\/mopede\/motocicluri, noi, Euro 4"}]},{"@type":"WebSite","@id":"https:\/\/pac-inmatriculari.ro\/#website","url":"https:\/\/pac-inmatriculari.ro\/","name":"PAC - Inmatriculari Brasov","description":"Inmatriculari auto Brasov","publisher":{"@id":"https:\/\/pac-inmatriculari.ro\/#organization"},"potentialAction":[{"@type":"SearchAction","target":{"@type":"EntryPoint","urlTemplate":"https:\/\/pac-inmatriculari.ro\/?s={search_term_string}"},"query-input":{"@type":"PropertyValueSpecification","valueRequired":true,"valueName":"search_term_string"}}],"inLanguage":"en-US"},{"@type":"Organization","@id":"https:\/\/pac-inmatriculari.ro\/#organization","name":"PAC - Inmatriculari Brasov","url":"https:\/\/pac-inmatriculari.ro\/","logo":{"@type":"ImageObject","inLanguage":"en-US","@id":"https:\/\/pac-inmatriculari.ro\/#\/schema\/logo\/image\/","url":"https:\/\/pac-inmatriculari.ro\/wp-content\/uploads\/2020\/08\/cropped-pac-logo.png","contentUrl":"https:\/\/pac-inmatriculari.ro\/wp-content\/uploads\/2020\/08\/cropped-pac-logo.png","width":584,"height":584,"caption":"PAC - Inmatriculari Brasov"},"image":{"@id":"https:\/\/pac-inmatriculari.ro\/#\/schema\/logo\/image\/"},"sameAs":["https:\/\/www.facebook.com\/InmatriculariAutoBrasov"]},{"@type":"Person","@id":"https:\/\/pac-inmatriculari.ro\/#\/schema\/person\/201b7dfc0b81c7be37a8f81ee6bf9ee7","name":"Professional Auto Claims","image":{"@type":"ImageObject","inLanguage":"en-US","@id":"https:\/\/secure.gravatar.com\/avatar\/30b2e0e27319b3dfbbc40e394be4722b2240cb64411b45ed715a5efe2465c03d?s=96&d=monsterid&r=g","url":"https:\/\/secure.gravatar.com\/avatar\/30b2e0e27319b3dfbbc40e394be4722b2240cb64411b45ed715a5efe2465c03d?s=96&d=monsterid&r=g","contentUrl":"https:\/\/secure.gravatar.com\/avatar\/30b2e0e27319b3dfbbc40e394be4722b2240cb64411b45ed715a5efe2465c03d?s=96&d=monsterid&r=g","caption":"Professional Auto Claims"},"sameAs":["https:\/\/pac-inmatriculari.ro","https:\/\/www.facebook.com\/InmatriculariAutoBrasov"],"url":"https:\/\/pac-inmatriculari.ro\/en\/author\/admin\/"}]}},"_links":{"self":[{"href":"https:\/\/pac-inmatriculari.ro\/en\/wp-json\/wp\/v2\/posts\/728","targetHints":{"allow":["GET"]}}],"collection":[{"href":"https:\/\/pac-inmatriculari.ro\/en\/wp-json\/wp\/v2\/posts"}],"about":[{"href":"https:\/\/pac-inmatriculari.ro\/en\/wp-json\/wp\/v2\/types\/post"}],"author":[{"embeddable":true,"href":"https:\/\/pac-inmatriculari.ro\/en\/wp-json\/wp\/v2\/users\/1"}],"replies":[{"embeddable":true,"href":"https:\/\/pac-inmatriculari.ro\/en\/wp-json\/wp\/v2\/comments?post=728"}],"version-history":[{"count":42,"href":"https:\/\/pac-inmatriculari.ro\/en\/wp-json\/wp\/v2\/posts\/728\/revisions"}],"predecessor-version":[{"id":2865,"href":"https:\/\/pac-inmatriculari.ro\/en\/wp-json\/wp\/v2\/posts\/728\/revisions\/2865"}],"wp:attachment":[{"href":"https:\/\/pac-inmatriculari.ro\/en\/wp-json\/wp\/v2\/media?parent=728"}],"wp:term":[{"taxonomy":"category","embeddable":true,"href":"https:\/\/pac-inmatriculari.ro\/en\/wp-json\/wp\/v2\/categories?post=728"},{"taxonomy":"post_tag","embeddable":true,"href":"https:\/\/pac-inmatriculari.ro\/en\/wp-json\/wp\/v2\/tags?post=728"}],"curies":[{"name":"wp","href":"https:\/\/api.w.org\/{rel}","templated":true}]}}